{"id":40,"date":"2012-04-20T09:00:07","date_gmt":"2012-04-20T07:00:07","guid":{"rendered":"http:\/\/blogs.elnortedecastilla.es\/elnortealacarta\/?p=40"},"modified":"2012-04-20T09:00:07","modified_gmt":"2012-04-20T07:00:07","slug":"menores-y-redes-sociales-algunas-pistas","status":"publish","type":"post","link":"https:\/\/blogs.elnortedecastilla.es\/elnortealacarta\/2012\/04\/20\/menores-y-redes-sociales-algunas-pistas\/","title":{"rendered":"Menores y redes sociales: Algunas pistas"},"content":{"rendered":"<p><a href=\"http:\/\/es.linkedin.com\/pub\/estrella-alonso-del-barrio\/1b\/41b\/441\" target=\"_blank\" rel=\"external nofollow\">Estrella Alonso<\/a>, de la empresa <a href=\"http:\/\/www.culturatic.es\/\" target=\"_blank\" rel=\"external nofollow\">Culturatic<\/a>, experta en proyectos de comunicaci\u00f3n relacionados con las redes sociales, se encarg\u00f3 de dar unas cuantas pistas a los padres del colegio Lasalle, de Valladolid, sobre c\u00f3mo actuar con los hijos en un tema tan peliagudo.<br \/>\nSu ponencia se resume en esta presentaci\u00f3n.<\/p>\n<div><object id=\"prezi_xgqa4si2ywoz\" width=\"550\" height=\"400\" classid=\"clsid:d27cdb6e-ae6d-11cf-96b8-444553540000\" codebase=\"http:\/\/download.macromedia.com\/pub\/shockwave\/cabs\/flash\/swflash.cab#version=6,0,40,0\"><param name=\"allowfullscreen\" value=\"true\" \/><param name=\"allowscriptaccess\" value=\"always\" \/><param name=\"flashvars\" value=\"prezi_id=xgqa4si2ywoz&#038;lock_to_path=0&#038;color=ffffff&#038;autoplay=no&#038;autohide_ctrls=0\" \/><param name=\"src\" value=\"http:\/\/prezi.com\/bin\/preziloader.swf\" \/><embed id=\"prezi_xgqa4si2ywoz\" width=\"550\" height=\"400\" type=\"application\/x-shockwave-flash\" src=\"\/\/prezi.com\/bin\/preziloader.swf\" allowfullscreen=\"true\" allowscriptaccess=\"always\" flashvars=\"prezi_id=xgqa4si2ywoz&#038;lock_to_path=0&#038;color=ffffff&#038;autoplay=no&#038;autohide_ctrls=0\" \/><\/object><\/p>\n<div>\n<p><a title=\"Seguridad, menores e Internet\" href=\"http:\/\/prezi.com\/xgqa4si2ywoz\/seguridad-menores-e-internet\/\" rel=\"external nofollow\">Seguridad, menores e Internet<\/a> on <a href=\"http:\/\/prezi.com\" rel=\"external nofollow\">Prezi<\/a><\/p>\n<\/div>\n<\/div>\n<!-- AddThis Advanced Settings generic via filter on the_content --><!-- AddThis Share Buttons generic via filter on the_content -->","protected":false},"excerpt":{"rendered":"<p>Estrella Alonso, de la empresa Culturatic, experta en proyectos de comunicaci\u00f3n relacionados con las redes sociales, se encarg\u00f3 de dar unas cuantas pistas a los padres del colegio Lasalle, de Valladolid, sobre c\u00f3mo actuar con los hijos en un tema tan peliagudo. Su ponencia se resume en esta presentaci\u00f3n. Seguridad, menores e Internet on Prezi<!-- AddThis Advanced Settings generic via filter on get_the_excerpt --><!-- AddThis Share Buttons generic via filter on get_the_excerpt --><\/p>\n","protected":false},"author":40,"featured_media":0,"comment_status":"open","ping_status":"closed","sticky":false,"template":"","format":"standard","meta":[],"categories":[4],"tags":[],"_links":{"self":[{"href":"https:\/\/blogs.elnortedecastilla.es\/elnortealacarta\/wp-json\/wp\/v2\/posts\/40"}],"collection":[{"href":"https:\/\/blogs.elnortedecastilla.es\/elnortealacarta\/wp-json\/wp\/v2\/posts"}],"about":[{"href":"https:\/\/blogs.elnortedecastilla.es\/elnortealacarta\/wp-json\/wp\/v2\/types\/post"}],"author":[{"embeddable":true,"href":"https:\/\/blogs.elnortedecastilla.es\/elnortealacarta\/wp-json\/wp\/v2\/users\/40"}],"replies":[{"embeddable":true,"href":"https:\/\/blogs.elnortedecastilla.es\/elnortealacarta\/wp-json\/wp\/v2\/comments?post=40"}],"version-history":[{"count":0,"href":"https:\/\/blogs.elnortedecastilla.es\/elnortealacarta\/wp-json\/wp\/v2\/posts\/40\/revisions"}],"wp:attachment":[{"href":"https:\/\/blogs.elnortedecastilla.es\/elnortealacarta\/wp-json\/wp\/v2\/media?parent=40"}],"wp:term":[{"taxonomy":"category","embeddable":true,"href":"https:\/\/blogs.elnortedecastilla.es\/elnortealacarta\/wp-json\/wp\/v2\/categories?post=40"},{"taxonomy":"post_tag","embeddable":true,"href":"https:\/\/blogs.elnortedecastilla.es\/elnortealacarta\/wp-json\/wp\/v2\/tags?post=40"}],"curies":[{"name":"wp","href":"https:\/\/api.w.org\/{rel}","templated":true}]}}