{"id":1838,"date":"2019-09-19T21:06:23","date_gmt":"2019-09-19T19:06:23","guid":{"rendered":"https:\/\/blogs.elnortedecastilla.es\/enfaserem\/?p=1838"},"modified":"2019-09-19T21:06:23","modified_gmt":"2019-09-19T19:06:23","slug":"doctrinas-textuales","status":"publish","type":"post","link":"https:\/\/blogs.elnortedecastilla.es\/enfaserem\/2019\/09\/19\/doctrinas-textuales\/","title":{"rendered":"Doctrinas textuales"},"content":{"rendered":"<p>Sin poner en duda el poder ciceroniano de la oratoria de <strong>Isabel Cela\u00e1<\/strong>, el viraje fuenteovejuno de 180 grados que han dado los editores de libros de texto tras su reuni\u00f3n con la ministra portavoz es digno de constar en los anales de las revelaciones epif\u00e1nicas junto a la ca\u00edda paulina del caballo. Entraron enarbolando denuncias airadas de intrusismo pol\u00edtico, <em>delirium tremens<\/em> jur\u00eddico (1.700 normas en la \u00faltima d\u00e9cada, 450 legislaciones auton\u00f3micas distintas relativas a la edici\u00f3n), sesgo regionalista\u2026 Y salieron afirmando que nones, que todo eso pertenec\u00eda a un pasado remoto y superado, all\u00e1 por el 2001, hoy algo anecd\u00f3tico.<\/p>\n<p>A uno le reconforta constatar la apertura de miras y o\u00eddos de los editores, capaces as\u00ed de matizar o cambiar la opin\u00f3n propia, signo del verdadero, honesto intelectual, pero los hechos ah\u00ed, y argumentar que hoy la sombra del adoctrinamiento est\u00e1 disipada porque los datos son de hace veinte a\u00f1os \u2014cosa, por otro lado, en absoluto clara\u2014 es como decir que ya no hay que preocuparse por el calentamiento global porque los \u00faltimos datos de que se disponen son \u2014pongamos\u2014 de hace un lustro. Basta echar un ojo a la fiebre anual de la EBAU: no solo los ex\u00e1menes son distintos en funci\u00f3n de d\u00f3nde se presente el alumno, tambi\u00e9n la convalidaci\u00f3n de asignaturas, la propia materia de estas\u2026 El saber, en Espa\u00f1a, no es uno ni universal; para los adolescentes son al menos diecisiete, o uno al azar de diecisiete versiones. (Y digo &lt;&lt;al menos&gt;&gt; porque se han llegado a editar hasta 25 variantes para una misma asignatura y curso). Puede que te toque aprender sobre la &lt;&lt;Corona catalanoaragonesa&gt;&gt;, que <strong>L\u00e1zaro Carreter<\/strong> era un un demagogo centralista\u2026 Hasta las matem\u00e1ticas, el m\u00e1s as\u00e9ptico de los saberes, cuenta con manuales distintos.<\/p>\n<p>Este desparrame legal y de contenidos confunde, como es l\u00f3gico, la ya de por s\u00ed confusa mente de un alumno de esa edad. Que al terminar bachillerato solo quiere olvidar cuanto antes lo \u2014mal\u2014 aprendido.<\/p>\n<p style=\"text-align: right;\">(<em>El Norte de Castilla<\/em>, 19\/9\/2019)<\/p>\n<p>@enfaserem<\/p>\n","protected":false},"excerpt":{"rendered":"<p>Sin poner en duda el poder ciceroniano de la oratoria de Isabel Cela\u00e1, el viraje fuenteovejuno de 180 grados que han dado los editores de libros de texto tras su reuni\u00f3n con la ministra portavoz es digno de constar en los anales de las revelaciones epif\u00e1nicas junto a la ca\u00edda paulina del caballo. Entraron enarbolando [&hellip;]<\/p>\n","protected":false},"author":24,"featured_media":0,"comment_status":"open","ping_status":"closed","sticky":false,"template":"","format":"standard","meta":[],"categories":[4,7],"tags":[1172,1171,274,520,1170,703],"_links":{"self":[{"href":"https:\/\/blogs.elnortedecastilla.es\/enfaserem\/wp-json\/wp\/v2\/posts\/1838"}],"collection":[{"href":"https:\/\/blogs.elnortedecastilla.es\/enfaserem\/wp-json\/wp\/v2\/posts"}],"about":[{"href":"https:\/\/blogs.elnortedecastilla.es\/enfaserem\/wp-json\/wp\/v2\/types\/post"}],"author":[{"embeddable":true,"href":"https:\/\/blogs.elnortedecastilla.es\/enfaserem\/wp-json\/wp\/v2\/users\/24"}],"replies":[{"embeddable":true,"href":"https:\/\/blogs.elnortedecastilla.es\/enfaserem\/wp-json\/wp\/v2\/comments?post=1838"}],"version-history":[{"count":1,"href":"https:\/\/blogs.elnortedecastilla.es\/enfaserem\/wp-json\/wp\/v2\/posts\/1838\/revisions"}],"predecessor-version":[{"id":1839,"href":"https:\/\/blogs.elnortedecastilla.es\/enfaserem\/wp-json\/wp\/v2\/posts\/1838\/revisions\/1839"}],"wp:attachment":[{"href":"https:\/\/blogs.elnortedecastilla.es\/enfaserem\/wp-json\/wp\/v2\/media?parent=1838"}],"wp:term":[{"taxonomy":"category","embeddable":true,"href":"https:\/\/blogs.elnortedecastilla.es\/enfaserem\/wp-json\/wp\/v2\/categories?post=1838"},{"taxonomy":"post_tag","embeddable":true,"href":"https:\/\/blogs.elnortedecastilla.es\/enfaserem\/wp-json\/wp\/v2\/tags?post=1838"}],"curies":[{"name":"wp","href":"https:\/\/api.w.org\/{rel}","templated":true}]}}