{"id":2271,"date":"2022-03-17T11:41:03","date_gmt":"2022-03-17T10:41:03","guid":{"rendered":"https:\/\/blogs.elnortedecastilla.es\/enfaserem\/?p=2271"},"modified":"2022-03-17T11:41:03","modified_gmt":"2022-03-17T10:41:03","slug":"seres-sintientes","status":"publish","type":"post","link":"https:\/\/blogs.elnortedecastilla.es\/enfaserem\/2022\/03\/17\/seres-sintientes\/","title":{"rendered":"Seres sintientes"},"content":{"rendered":"<p>Los animales ya son considerados en Espa\u00f1a seres sintientes. Han, pues, escalado en la pir\u00e1mide de la vida del estrato de cosa al estrato de ser. Dicho as\u00ed, desconcierta por lo obvio, y parece un ejemplo m\u00e1ximo de que la ley siempre va a rebufo de la realidad m\u00e1s palpable; y lo es, pero m\u00e1s vale una rectificaci\u00f3n tard\u00eda que una ley oxidada, por mucho que nos hayamos acostumbrado a ella. Ahora los animales no podr\u00e1n embargarse o hipotecarse, o ser apartados de uno de los due\u00f1os en caso de separaci\u00f3n o divorcio. Y es solo el pr\u00f3logo de otra ley que viene, mucho m\u00e1s proteccionista (si bien no al punto de proteger al toro).<\/p>\n<p>No obstante, esta nueva condici\u00f3n legal plantea problemas in\u00e9ditos; \u00bfqu\u00e9 engloba, y cu\u00e1l, por tanto, es la cobertura que se le debe dar al sentir? \u00bfEs el sentir de un perro igual al de un gato? \u00bf&lt;&lt;Meat is Murder&gt;&gt; (Comer carne es asesinato), como cantaban <strong>The Smiths<\/strong>? Un animal tiene algo de sagrado, lo que tiene de ser vivo, pero la equiparaci\u00f3n esencial con el hombre, que es lo que en definitiva demandan los grupos ultraecologistas, supone una aberraci\u00f3n jur\u00eddica y ante todo moral. El animal es puro, inocente, aun en sus actos m\u00e1s aparentemente sangrantes, incapaz como el hombre del sadismo; pero tambi\u00e9n incapaz del hero\u00edsmo, de entregar su vida por un ser a quien no conoce. El animal es una entidad moral neutra; que el hombre extraiga del animal ense\u00f1anzas morales, que el animal lo enriquezca con su modo de conducirse en el plano moral no lo hace un agente activo. Lo cual \u2014por descontado\u2014 no quiere decir no haya que extremar su protecci\u00f3n y cuidado. Pero un caballo no puede ejercer de senador, por muy purasangre que sea.<\/p>\n<p style=\"text-align: right;\">(<em>El Norte de Castilla<\/em>, 16\/3\/2022)<\/p>\n<p>@enfaserem<\/p>\n","protected":false},"excerpt":{"rendered":"<p>Los animales ya son considerados en Espa\u00f1a seres sintientes. Han, pues, escalado en la pir\u00e1mide de la vida del estrato de cosa al estrato de ser. Dicho as\u00ed, desconcierta por lo obvio, y parece un ejemplo m\u00e1ximo de que la ley siempre va a rebufo de la realidad m\u00e1s palpable; y lo es, pero m\u00e1s [&hellip;]<\/p>\n","protected":false},"author":24,"featured_media":0,"comment_status":"open","ping_status":"closed","sticky":false,"template":"","format":"standard","meta":[],"categories":[4,7],"tags":[1305,237,305,600],"_links":{"self":[{"href":"https:\/\/blogs.elnortedecastilla.es\/enfaserem\/wp-json\/wp\/v2\/posts\/2271"}],"collection":[{"href":"https:\/\/blogs.elnortedecastilla.es\/enfaserem\/wp-json\/wp\/v2\/posts"}],"about":[{"href":"https:\/\/blogs.elnortedecastilla.es\/enfaserem\/wp-json\/wp\/v2\/types\/post"}],"author":[{"embeddable":true,"href":"https:\/\/blogs.elnortedecastilla.es\/enfaserem\/wp-json\/wp\/v2\/users\/24"}],"replies":[{"embeddable":true,"href":"https:\/\/blogs.elnortedecastilla.es\/enfaserem\/wp-json\/wp\/v2\/comments?post=2271"}],"version-history":[{"count":1,"href":"https:\/\/blogs.elnortedecastilla.es\/enfaserem\/wp-json\/wp\/v2\/posts\/2271\/revisions"}],"predecessor-version":[{"id":2272,"href":"https:\/\/blogs.elnortedecastilla.es\/enfaserem\/wp-json\/wp\/v2\/posts\/2271\/revisions\/2272"}],"wp:attachment":[{"href":"https:\/\/blogs.elnortedecastilla.es\/enfaserem\/wp-json\/wp\/v2\/media?parent=2271"}],"wp:term":[{"taxonomy":"category","embeddable":true,"href":"https:\/\/blogs.elnortedecastilla.es\/enfaserem\/wp-json\/wp\/v2\/categories?post=2271"},{"taxonomy":"post_tag","embeddable":true,"href":"https:\/\/blogs.elnortedecastilla.es\/enfaserem\/wp-json\/wp\/v2\/tags?post=2271"}],"curies":[{"name":"wp","href":"https:\/\/api.w.org\/{rel}","templated":true}]}}