{"id":2310,"date":"2022-07-15T10:01:17","date_gmt":"2022-07-15T08:01:17","guid":{"rendered":"https:\/\/blogs.elnortedecastilla.es\/enfaserem\/?p=2310"},"modified":"2022-07-13T10:30:21","modified_gmt":"2022-07-13T08:30:21","slug":"tradicion-actualizada","status":"publish","type":"post","link":"https:\/\/blogs.elnortedecastilla.es\/enfaserem\/2022\/07\/15\/tradicion-actualizada\/","title":{"rendered":"Tradici\u00f3n actualizada"},"content":{"rendered":"<p>Una de las voces m\u00e1s reconocidas del piano durante los \u00faltimos treinta a\u00f1os \u2014instrumento que en este tiempo ha proporcionado alguna de las de mayor inter\u00e9s en el panorama jazz\u00edstico\u2014, <strong>Bruce Barth<\/strong> es un m\u00fasico capaz de moverse con igual soltura en cualquiera de los puntos del arco que va desde la los standards a\u00f1ejos hasta el neo-bop. Esto no quiere decir que sea la suya una propuesta conformista; si bien no se aventura por los territorios en que suelen un <strong>Vijay Iyer <\/strong>o un <strong>Craig Taborn<\/strong>, Barth consigue actualizar los cl\u00e1sicos y darle un brillo al bop con una originalidad fuera de toda duda; el suyo es un jazz al que cabe colgar la etiqueta de &#8216;mainstream&#8217;, pero que nada tiene de convencional en el sentido de acomodaticio o falto de riesgo. Dotado de una prodigiosa t\u00e9cnica \u2014m\u00e1s parece una suerte de movimientos naturales que un ejercicio\u2014, es capaz de desplazarse por los registros grave, medio y agudo del piano con la misma seguridad, y su inagotable inventiva mel\u00f3dica y arm\u00f3nica le permiten construir unos solos que, por mucho que se alarguen, jam\u00e1s pierden la cohesi\u00f3n y sobre todo jam\u00e1s pierden el swing, gracias en buena medida a una portentosa mano izquierda.<\/p>\n<p>Muy interesante compositor y director de proyectos, Barth ha transitado con mayor frecuencia el formato reducido \u2014piano solo, duetos, tr\u00edo\u2026\u2014, aunque no exclusivamente, y de su magisterio como acompa\u00f1ante da fe la n\u00f3mina de primeras espadas \u2014<strong>Terence Blanchard<\/strong>, <strong>George Rusell <\/strong>o <strong>Peter Bernstein<\/strong>\u2014 que han reclamado sus servicios.<\/p>\n<p>No menos talentoso es el m\u00fasico asociado al tr\u00edo, el trompetista de Miami <strong>Terell Stafford<\/strong>. De minuciosa formaci\u00f3n cl\u00e1sica, Stafford \u2014protegido, o al menos tutorado, de <strong>Wynton Marsalis<\/strong>\u2014, con un sonido de bronce brillante \u2014ni \u00e1cido ni opaco\u2014, comparte con Barth muchos, si no todos, los rasgos se\u00f1alados para el pianista: t\u00e9cnica envidiable, gran inventiva mel\u00f3dica y un swing muy fluido. Quiz\u00e1 ello, adem\u00e1s de sus similares planteamientos musicales, los haya llevado a colaborar desde hace m\u00e1s de dos d\u00e9cadas, construyendo bolo a bolo y disco a disco una de esas compenetraciones que se dan a veces en jazz y que por momentos parecen telep\u00e1ticas.<\/p>\n<p>A los dos los arropan el contrabajista <strong>Mark Hodgson <\/strong>y el baterista <strong>Stephen Keogh<\/strong>, habituales de Barth y pilar r\u00edtmico del todo fiable.<\/p>\n<p>As\u00ed pues, cabe anticipar una noche plena de m\u00fasica sugerente y grata, muy apropiada para poner el broche a este veinte cumplea\u00f1os de Universijazz.<\/p>\n<p style=\"text-align: right;\">(<em>El Norte de Castilla<\/em>, 15\/7\/2022)<\/p>\n<p>@enfaserem<\/p>\n","protected":false},"excerpt":{"rendered":"<p>Una de las voces m\u00e1s reconocidas del piano durante los \u00faltimos treinta a\u00f1os \u2014instrumento que en este tiempo ha proporcionado alguna de las de mayor inter\u00e9s en el panorama jazz\u00edstico\u2014, Bruce Barth es un m\u00fasico capaz de moverse con igual soltura en cualquiera de los puntos del arco que va desde la los standards a\u00f1ejos [&hellip;]<\/p>\n","protected":false},"author":24,"featured_media":0,"comment_status":"open","ping_status":"closed","sticky":false,"template":"","format":"standard","meta":[],"categories":[4,6],"tags":[1316,465,610,1313],"_links":{"self":[{"href":"https:\/\/blogs.elnortedecastilla.es\/enfaserem\/wp-json\/wp\/v2\/posts\/2310"}],"collection":[{"href":"https:\/\/blogs.elnortedecastilla.es\/enfaserem\/wp-json\/wp\/v2\/posts"}],"about":[{"href":"https:\/\/blogs.elnortedecastilla.es\/enfaserem\/wp-json\/wp\/v2\/types\/post"}],"author":[{"embeddable":true,"href":"https:\/\/blogs.elnortedecastilla.es\/enfaserem\/wp-json\/wp\/v2\/users\/24"}],"replies":[{"embeddable":true,"href":"https:\/\/blogs.elnortedecastilla.es\/enfaserem\/wp-json\/wp\/v2\/comments?post=2310"}],"version-history":[{"count":1,"href":"https:\/\/blogs.elnortedecastilla.es\/enfaserem\/wp-json\/wp\/v2\/posts\/2310\/revisions"}],"predecessor-version":[{"id":2311,"href":"https:\/\/blogs.elnortedecastilla.es\/enfaserem\/wp-json\/wp\/v2\/posts\/2310\/revisions\/2311"}],"wp:attachment":[{"href":"https:\/\/blogs.elnortedecastilla.es\/enfaserem\/wp-json\/wp\/v2\/media?parent=2310"}],"wp:term":[{"taxonomy":"category","embeddable":true,"href":"https:\/\/blogs.elnortedecastilla.es\/enfaserem\/wp-json\/wp\/v2\/categories?post=2310"},{"taxonomy":"post_tag","embeddable":true,"href":"https:\/\/blogs.elnortedecastilla.es\/enfaserem\/wp-json\/wp\/v2\/tags?post=2310"}],"curies":[{"name":"wp","href":"https:\/\/api.w.org\/{rel}","templated":true}]}}