{"id":2436,"date":"2024-02-27T11:00:28","date_gmt":"2024-02-27T10:00:28","guid":{"rendered":"https:\/\/blogs.elnortedecastilla.es\/enfaserem\/?p=2436"},"modified":"2024-02-27T11:00:28","modified_gmt":"2024-02-27T10:00:28","slug":"amistad-rememorada","status":"publish","type":"post","link":"https:\/\/blogs.elnortedecastilla.es\/enfaserem\/2024\/02\/27\/amistad-rememorada\/","title":{"rendered":"Amistad rememorada"},"content":{"rendered":"<p>El cine y la novela han sido los medios que con mayor frecuencia y acierto han explorado esas edades que se dan entre las consideradas puntos de inflexi\u00f3n, la ni\u00f1ez, la adolescencia, la adultez, la vejez; pero de todos modos la de la preadoslescencia ha tenido un tratamiento menos frecuente que la <em>adultescencia<\/em> o la vejez crepuscular, lo que extra\u00f1a, pues es ah\u00ed donde comienza a forjarse el ser que al cabo de unos pocos a\u00f1os terminar\u00e1 siendo uno (&lt;&lt;terminar\u00e1&gt;&gt; en un sentido gen\u00e9rico: el ser humano no deja de forjarse nunca). Es este periodo fundacional \u2014como en <em>Los 400 golpes<\/em>, de <strong>Truffaut<\/strong>\u2014, los once o doce a\u00f1os, en el que, durante el fin de semana del D\u00eda del Trabajo del a\u00f1o 1959, ubican el relato de <em>Cuenta conmigo<\/em> <strong>Rob Reiner <\/strong>y los guionistas <strong>Raynold Gideon <\/strong>y <strong>Bruce A. Evans<\/strong>.<\/p>\n<p><a href=\"https:\/\/static-blogs.elnortedecastilla.es\/wp-content\/uploads\/sites\/14\/2024\/02\/rob-reiner-e1709027968750.jpg\"><img loading=\"lazy\" class=\"alignleft size-full wp-image-2439\" src=\"https:\/\/static-blogs.elnortedecastilla.es\/wp-content\/uploads\/sites\/14\/2024\/02\/rob-reiner-e1709027968750.jpg\" alt=\"\" width=\"301\" height=\"207\" \/><\/a>Basado en una novela corta de <strong>Stephen King<\/strong>, la situaci\u00f3n de arranque es sencilla: una chico ha desaparecido y los cuatro amigos se han enterado del lugar en que se halla, as\u00ed que deciden ir a buscarlo y convertirse de este modo en los h\u00e9roes del pueblo (y ver por primera vez en su vida a un muerto). El cuerpo (<em>El cuerpo <\/em>es el t\u00edtulo de la novela original) queda a unas cuantas millas, y ellos seguir\u00e1n las v\u00edas del tren, cual <strong>Dorothy<\/strong> el camino de baldosas amarillas, para dar con \u00e9l. Ello implicar\u00e1, entre otras cosas, dormir al raso. Pero no se trata de una pel\u00edcula de aventuras, aun los momentos que podr\u00edan encajar con la etiqueta \u2014as\u00ed la escena de la locomotora sibilante, la de las sanguijuelas o el cl\u00edmax final\u2014; o, si se trata, no de una de &lt;&lt;momentos fuertes&gt;&gt;. Con infinita delicadeza y sabidur\u00eda, Reiner mantiene un tono elegiaco pero sobrio a lo largo de todo el metraje, sin subrayados, sin regodeos, sin verbalizaciones sobre cu\u00e1l es la ense\u00f1anza de la historia; Reiner se \u201climita\u201d a mostrar c\u00f3mo se comportan los cuatro amigos (&lt;&lt;mostrar&gt;&gt; significa tambi\u00e9n ver c\u00f3mo y de qu\u00e9 hablan, no solo las acciones puramente f\u00edsicas), las din\u00e1micas que se generan entre ellos y de ellos con el entorno.<\/p>\n<p>Son cuatro almas rotas; <strong>Chris<\/strong> (<strong>River Phoenix<\/strong>), el l\u00edder del grupo \u2014pero nadie dice que lo sea; Reiner, insistimos, respeta al espectador y sabemos que es el l\u00edder por su manera de proceder\u2014, tiene una familia de reputaci\u00f3n cuando menos dudosa; <strong>Teddy<\/strong> (<strong>Corey Feldman<\/strong>) tiene un padre excombatiente que sufre de estr\u00e9s postraum\u00e1tico y que, entre otras lindezas, le abras\u00f3 la oreja con la plancha de fre\u00edr; <strong>Vern<\/strong> (<strong>Jerry O\u2019Connell<\/strong>) es el gordito que llega tarde y olvida la clave para entrar en la caba\u00f1a del \u00e1rbol (aunque sus tres amigos lo tratan como a un igual); y finalmente <strong>Gordie<\/strong> (<strong>Will Wheaton<\/strong>), que es quien acarrea la herida m\u00e1s honda, aun supurante: su idolatrado hermano mayor muri\u00f3 en un accidente y su padre a \u00e9l lo ningunea por no estar a la altura, deportiva y social, del muerto, del que de alguna manera Gordie se siente responsable. Es Gordie el aglutinante de la aventura y el hilo narrador, pues la historia est\u00e1 contada por \u00e9l, adulto, desde el a\u00f1o 1985, ya el escritor que su amigo Chris, dadas las historias que les contaba cuando chicos, estaba convencido iba a ser.<\/p>\n<p><a href=\"https:\/\/static-blogs.elnortedecastilla.es\/wp-content\/uploads\/sites\/14\/2024\/02\/cuenta-conmigo-e1709028007472.jpg\"><img loading=\"lazy\" class=\"alignleft size-full wp-image-2440\" src=\"https:\/\/static-blogs.elnortedecastilla.es\/wp-content\/uploads\/sites\/14\/2024\/02\/cuenta-conmigo-e1709028007472.jpg\" alt=\"\" width=\"301\" height=\"172\" \/><\/a>Tenemos as\u00ed aislados los dos temas, imbricados, esenciales del film: la amistad y la memoria. La amistad, y m\u00e1s a los doce a\u00f1os, es, como revelan los dardos verbales que se lanzan los chicos \u2014y los pu\u00f1os\u2014, ambivalente, un pimp\u00f3n de toma y daca, de atracci\u00f3n\/repulsi\u00f3n, pero al final del proceso la atracci\u00f3n se impone y los lazos se han vuelto m\u00e1s s\u00f3lidos. No obstante, como se constata en el ep\u00edlogo, por muy s\u00f3lida que se estime en el momento, no puede dejar de alimentarse, siquiera de a poco, pues si no el tiempo implacable terminar\u00e1 por disolverla. Por su parte, \u00bfpodemos creer en la memoria de Gordie? \u00bfEs un narrador fiable? Los neur\u00f3logos insisten en que incluso los recuerdos que nos parecen m\u00e1s seguros suelen ser construcciones mentales contaminadas por hechos posteriores o por suposiciones: en suma, fantas\u00edas. A lo mejor pues el tren no estaba tan cerca como cuando saltaron de la v\u00eda, a lo mejor las sanguijuelas no eran tan grandes. La nostalgia que permea todo el film puede inducir a fundamentar esta teor\u00eda de la memoria falible, pues la nostalgia ti\u00f1e, por lo com\u00fan para endulzarla, la prosaica, embarrada realidad. Y sin embargo, esto ser\u00eda enga\u00f1ar al espectador, cosa que Reiner se proh\u00edbe al colocarnos en la misma posici\u00f3n que Gordie; no importa si aconteci\u00f3 todo exactamente como Gordie lo recuerda, lo que importa es que Gordie lo cuenta como lo recuerda, que el recuerdo de Gordie y del espectador es el mismo relato, y esto le concede una autonom\u00eda, una verdad fuera de duda, tan v\u00e1lida como si derivase de un recuerdo exacto.<\/p>\n<p>Mencionar por \u00faltimo que cuando se estren\u00f3 el film, pese a tratar las vidas de chicos de 12 a\u00f1os, fue marcado con la calificaci\u00f3n R (para mayores de 17 si van solos), por los tacos y los cigarrillos \u2014y por una \u00fanica escena, cuento inventado por Gordie, que rompe el tono elegiaco y sobrio del film\u2014; lo cual lleva a la pregunta de si, por estas mismas razones, la moralina y la hipocres\u00eda de hoy permitir\u00edan no ya el estreno con calificaci\u00f3n, sino siquiera la producci\u00f3n. Uno sospecha \u2014ay\u2014 que no es muy probable, al menos no dentro del sistema de estudios.<\/p>\n<p style=\"text-align: right;\">(<em>La sombra del cipr\u00e9s<\/em>, 24\/2\/2024)<\/p>\n<p>@enfaserem<\/p>\n<p>&nbsp;<\/p>\n<p><u>Ficha del film<\/u><\/p>\n<p>T\u00edt.: <em>Stand by Me<\/em> (<em>Cuenta conmigo<\/em>)<\/p>\n<p>Dir.: Rob Reiner<\/p>\n<p>Ints.: Richard Dreyfuss, Will Wheaton, River Phoenix, Corey Feldman, Jerry O&#8217;Connell, Kiefer Sutherland<\/p>\n<p>Drama, color, EEUU, 1986<\/p>\n","protected":false},"excerpt":{"rendered":"<p>El cine y la novela han sido los medios que con mayor frecuencia y acierto han explorado esas edades que se dan entre las consideradas puntos de inflexi\u00f3n, la ni\u00f1ez, la adolescencia, la adultez, la vejez; pero de todos modos la de la preadoslescencia ha tenido un tratamiento menos frecuente que la adultescencia o la [&hellip;]<\/p>\n","protected":false},"author":24,"featured_media":0,"comment_status":"open","ping_status":"closed","sticky":false,"template":"","format":"standard","meta":[],"categories":[4,10,983],"tags":[176,1351,268,1350],"_links":{"self":[{"href":"https:\/\/blogs.elnortedecastilla.es\/enfaserem\/wp-json\/wp\/v2\/posts\/2436"}],"collection":[{"href":"https:\/\/blogs.elnortedecastilla.es\/enfaserem\/wp-json\/wp\/v2\/posts"}],"about":[{"href":"https:\/\/blogs.elnortedecastilla.es\/enfaserem\/wp-json\/wp\/v2\/types\/post"}],"author":[{"embeddable":true,"href":"https:\/\/blogs.elnortedecastilla.es\/enfaserem\/wp-json\/wp\/v2\/users\/24"}],"replies":[{"embeddable":true,"href":"https:\/\/blogs.elnortedecastilla.es\/enfaserem\/wp-json\/wp\/v2\/comments?post=2436"}],"version-history":[{"count":3,"href":"https:\/\/blogs.elnortedecastilla.es\/enfaserem\/wp-json\/wp\/v2\/posts\/2436\/revisions"}],"predecessor-version":[{"id":2441,"href":"https:\/\/blogs.elnortedecastilla.es\/enfaserem\/wp-json\/wp\/v2\/posts\/2436\/revisions\/2441"}],"wp:attachment":[{"href":"https:\/\/blogs.elnortedecastilla.es\/enfaserem\/wp-json\/wp\/v2\/media?parent=2436"}],"wp:term":[{"taxonomy":"category","embeddable":true,"href":"https:\/\/blogs.elnortedecastilla.es\/enfaserem\/wp-json\/wp\/v2\/categories?post=2436"},{"taxonomy":"post_tag","embeddable":true,"href":"https:\/\/blogs.elnortedecastilla.es\/enfaserem\/wp-json\/wp\/v2\/tags?post=2436"}],"curies":[{"name":"wp","href":"https:\/\/api.w.org\/{rel}","templated":true}]}}