{"id":158,"date":"2014-09-28T15:33:13","date_gmt":"2014-09-28T15:33:13","guid":{"rendered":"http:\/\/blogs.elnortedecastilla.es\/hoyempiezatodo\/?p=158"},"modified":"2014-09-28T15:33:13","modified_gmt":"2014-09-28T15:33:13","slug":"de-los-tiempos-sombrios","status":"publish","type":"post","link":"https:\/\/blogs.elnortedecastilla.es\/hoyempiezatodo\/2014\/09\/28\/de-los-tiempos-sombrios\/","title":{"rendered":"De los tiempos sombr\u00edos"},"content":{"rendered":"<p>Teatro Calder\u00f3n. El gesto sereno y preciso de Adam Natanek dirigiendo la Orquesta Ciudad de Valladolid. La palabra alada que Agust\u00edn Garc\u00eda Calvo pone en su particular baraja del rey don Pedro. M\u00e1s lejana, y sin embargo grabada con impresi\u00f3n imborrable, la voz de Fernando Fern\u00e1n-G\u00f3mez en los versos de Bertolt Brecht, \u00bfcon canciones interpretadas por Massiel? Cuando se enciende en la memoria un rinc\u00f3n que ha permanecido oscuro durante muchos a\u00f1os, la sorpresa puede ser tan grande que se ti\u00f1e de inmediato de desconfianza. El apuro de la sospecha me obliga a apartar al admirado Natanek o al a\u00f1orado Agust\u00edn en pos de esos versos de Brecht lanzados en pleno franquismo por el d\u00fao improbable de Massiel y Fern\u00e1n-G\u00f3mez.<\/p>\n<p>Y solo lo creo y pacto para estas l\u00edneas cuando, tras empe\u00f1ada b\u00fasqueda, surge de una carpeta el programa de mano: 1 de julio de 1971, dos sesiones, a las 7.45 y 11 noche. \u201c\u00a1Unico d\u00eda!\u201d, clama la portada sobre una fotograf\u00eda en blanco y negro de los dos protagonistas, las manos entrelazadas, el rostro serio y concentrado. Qu\u00e9 menos ante ese t\u00edtulo solemne: \u201cA los hombres futuros yo, Bertolt Brecht\u201d. Ya, confiado a la memoria, veo otra vez el escenario austero del viejo teatro con su ac\u00fastica de cristal. Un pianista y un par de banquetas son testigos de la entrada de Fern\u00e1n-G\u00f3mez, cabello largo y pelirrojo sobre su su\u00e9ter negro: \u201cVerdaderamente, vivo en tiempos sombr\u00edos\u201d. Es el primer verso de Bertolt Brecht pero nadie en el atiborrado Calder\u00f3n piensa en la Alemania nazi que expuls\u00f3 al escritor. Es 1971, y hay urgencia y necesidad de que alguien nos redima, aunque sea por unas horas, de las estrecheces, de la grisura, cuando no de la ignominia. Sigue la voz cortando el silencio: \u201c\u00a1Qu\u00e9 tiempos estos en que\/ hablar sobre los \u00e1rboles es casi un crimen\/ porque supone callar sobre tantas alevos\u00edas!\u201d. La noche est\u00e1 encendida, comulgada, ganada con esas palabras de sonido imparable. \u00bfSe puede olvidar la voz de Fernando?<strong>,<\/strong> honda en la palabra comprometida, chispeante en la onomatopeya, ir\u00f3nica cuando recuerda al General que \u201cel hombre tiene un defecto\/ puede pensar\u201d.<\/p>\n<p>Y de repente el pianista abandona su papel marginal y lanza una melod\u00eda. Est\u00e1 entrando Massiel, traje negro y melena negra, y pone en su boca la ciudad de Mahagonny de la partitura de Kurt Weill. Hace tres a\u00f1os que la cantante gan\u00f3 el festival de Eurovisi\u00f3n tras ocupar el sitio de Joan Manuel Serrat, vetado por pretender cantar la canci\u00f3n en catal\u00e1n, y ese triunfo voceado por el R\u00e9gimen est\u00e1 a punto de enturbiar la noche. All\u00e1 por Para\u00edso alguien ha llevado una flauta con la que toca el estribillo de \u201cLa, la, la\u201d en cuanto Massiel abre la boca. Risas, zozobra, y por fin la sed de espect\u00e1culo seca esa isla de rencor y deja al piano y a la voz desnudos frente a su arte. Fernando se alterna con Massiel, recitan, cantan, cimbrean el cuerpo, los aplausos ensordecen el final de cada poema, y acaba Fernando Fern\u00e1n G\u00f3mez mirando a lo lejos, prometiendo el futuro, \u201ccuando lleguen los tiempos\/ en que el hombre sea amigo del hombre\u201d. Tardaron unos a\u00f1os en llegar esos tiempos, pero esa noche del Calder\u00f3n qued\u00f3 custodiada entre sus muros para honra del arte y de los artistas que persiguen estas l\u00edneas.<\/p>\n<p>(publicado en La sombra del cipr\u00e9s, n\u00famero especial dedicado al 150 aniversario del teatro Calder\u00f3n de Valladolid. 27 de septiembre de 2014)<\/p>\n","protected":false},"excerpt":{"rendered":"<p>Teatro Calder\u00f3n. El gesto sereno y preciso de Adam Natanek dirigiendo la Orquesta Ciudad de Valladolid. La palabra alada que Agust\u00edn Garc\u00eda Calvo pone en su particular baraja del rey don Pedro. M\u00e1s lejana, y sin embargo grabada con impresi\u00f3n imborrable, la voz de Fernando Fern\u00e1n-G\u00f3mez en los versos de Bertolt Brecht, \u00bfcon canciones interpretadas [&hellip;]<\/p>\n","protected":false},"author":10645,"featured_media":0,"comment_status":"open","ping_status":"open","sticky":false,"template":"","format":"standard","meta":[],"categories":[1],"tags":[],"_links":{"self":[{"href":"https:\/\/blogs.elnortedecastilla.es\/hoyempiezatodo\/wp-json\/wp\/v2\/posts\/158"}],"collection":[{"href":"https:\/\/blogs.elnortedecastilla.es\/hoyempiezatodo\/wp-json\/wp\/v2\/posts"}],"about":[{"href":"https:\/\/blogs.elnortedecastilla.es\/hoyempiezatodo\/wp-json\/wp\/v2\/types\/post"}],"author":[{"embeddable":true,"href":"https:\/\/blogs.elnortedecastilla.es\/hoyempiezatodo\/wp-json\/wp\/v2\/users\/10645"}],"replies":[{"embeddable":true,"href":"https:\/\/blogs.elnortedecastilla.es\/hoyempiezatodo\/wp-json\/wp\/v2\/comments?post=158"}],"version-history":[{"count":0,"href":"https:\/\/blogs.elnortedecastilla.es\/hoyempiezatodo\/wp-json\/wp\/v2\/posts\/158\/revisions"}],"wp:attachment":[{"href":"https:\/\/blogs.elnortedecastilla.es\/hoyempiezatodo\/wp-json\/wp\/v2\/media?parent=158"}],"wp:term":[{"taxonomy":"category","embeddable":true,"href":"https:\/\/blogs.elnortedecastilla.es\/hoyempiezatodo\/wp-json\/wp\/v2\/categories?post=158"},{"taxonomy":"post_tag","embeddable":true,"href":"https:\/\/blogs.elnortedecastilla.es\/hoyempiezatodo\/wp-json\/wp\/v2\/tags?post=158"}],"curies":[{"name":"wp","href":"https:\/\/api.w.org\/{rel}","templated":true}]}}