{"id":162,"date":"2014-10-22T08:58:03","date_gmt":"2014-10-22T08:58:03","guid":{"rendered":"http:\/\/blogs.elnortedecastilla.es\/hoyempiezatodo\/?p=162"},"modified":"2014-10-22T08:58:03","modified_gmt":"2014-10-22T08:58:03","slug":"deja-vu","status":"publish","type":"post","link":"https:\/\/blogs.elnortedecastilla.es\/hoyempiezatodo\/2014\/10\/22\/deja-vu\/","title":{"rendered":"D\u00e9j\u00e0 vu"},"content":{"rendered":"<p><strong>Seminci &#8211; Caro Diario. <\/strong>Domingo19 de octubre<\/p>\n<p>Me dec\u00eda en la inauguraci\u00f3n del festival un colega m\u00e1s bien esc\u00e9ptico que lo mejor de la programaci\u00f3n era el bloque de seis pel\u00edculas que hab\u00eda seleccionado Bong Joon Ho. \u2018El cine que le inspir\u00f3\u2019 es el t\u00edtulo que agrupa a esas obras que guiaron su carrera y de las que ser\u00eda jugoso o\u00edr las razones del director coreano. Revivirlas. Eso fue al menos lo que hizo V\u00edctor Erice en \u2018La Morte Rouge\u2019, el mediometraje que realiz\u00f3 con ocasi\u00f3n de una exposici\u00f3n en La Casa Encendida sobre sus di\u00e1logos f\u00edlmicos con Kiarostami. En la cinta reconstru\u00eda una proyecci\u00f3n de \u2018La garra escarlata\u2019 a la asisti\u00f3 con cinco a\u00f1os en un cine de San Sebasti\u00e1n, que le dej\u00f3 una huella rastreable en sus largometrajes.<\/p>\n<p>Me gustar\u00eda saber lo que atrajo a Bong Joon Ho en la pel\u00edcula de Arturo Ripstein \u2018Profundo carmes\u00ed\u2019, que recuerdo encapsulada en su desgarro tan mexicano, un pel\u00edn misteriosa o desviada para un espectador espa\u00f1ol, qu\u00e9 ser\u00e1 para un coreano. Pero la elecci\u00f3n m\u00e1s llamativa para m\u00ed es \u2018El salario del miedo\u2019, una pel\u00edcula de Henri-Georges Clouzot de 1953, que tiene en mi memoria un papel tan de piedra angular como el de la sesi\u00f3n infantil de Erice, con la sensible diferencia de que yo no he visto, ni creo que vea nunca, la pel\u00edcula de Clouzot.<\/p>\n<p>Me explico. En esos cinco a\u00f1os de edad en que todo se inaugura, pregunt\u00e9 a mi padre en el tiempo relajado de un domingo por la ma\u00f1ana cu\u00e1l era la pel\u00edcula que m\u00e1s le hab\u00eda gustado en su vida. Eligi\u00f3 sin dudar \u2018El salario el miedo\u2019, que me cont\u00f3 a continuaci\u00f3n con mucho detalle. La narraci\u00f3n se aloj\u00f3 con tal fijeza en mi memoria que nunca he querido, ni podido, ver la cinta original. Temor a quebrar el cristal del pasado, a invadir la pureza del recuerdo n\u00edtido y bien resguardado. Cuando he visto el fotograma suelto de Yves Montand sujetando el cuerpo de su camarada de aventura, sent\u00ed de nuevo el d\u00e9j\u00e0 vu parad\u00f3jico de recordar lo no visto.<\/p>\n<p>Hoy domingo tampoco asistir\u00e9 a la sesi\u00f3n \u00fanica de la pel\u00edcula, aunque estar\u00e9 atento a alguna palabra de Bong Joon Ho sobre ella. O sobre el drama mexicano de Ripstein. Qu\u00e9 sinuosos son los caminos del cine.<\/p>\n","protected":false},"excerpt":{"rendered":"<p>Seminci &#8211; Caro Diario. Domingo19 de octubre Me dec\u00eda en la inauguraci\u00f3n del festival un colega m\u00e1s bien esc\u00e9ptico que lo mejor de la programaci\u00f3n era el bloque de seis pel\u00edculas que hab\u00eda seleccionado Bong Joon Ho. \u2018El cine que le inspir\u00f3\u2019 es el t\u00edtulo que agrupa a esas obras que guiaron su carrera y [&hellip;]<\/p>\n","protected":false},"author":10645,"featured_media":0,"comment_status":"open","ping_status":"open","sticky":false,"template":"","format":"standard","meta":[],"categories":[1],"tags":[],"_links":{"self":[{"href":"https:\/\/blogs.elnortedecastilla.es\/hoyempiezatodo\/wp-json\/wp\/v2\/posts\/162"}],"collection":[{"href":"https:\/\/blogs.elnortedecastilla.es\/hoyempiezatodo\/wp-json\/wp\/v2\/posts"}],"about":[{"href":"https:\/\/blogs.elnortedecastilla.es\/hoyempiezatodo\/wp-json\/wp\/v2\/types\/post"}],"author":[{"embeddable":true,"href":"https:\/\/blogs.elnortedecastilla.es\/hoyempiezatodo\/wp-json\/wp\/v2\/users\/10645"}],"replies":[{"embeddable":true,"href":"https:\/\/blogs.elnortedecastilla.es\/hoyempiezatodo\/wp-json\/wp\/v2\/comments?post=162"}],"version-history":[{"count":0,"href":"https:\/\/blogs.elnortedecastilla.es\/hoyempiezatodo\/wp-json\/wp\/v2\/posts\/162\/revisions"}],"wp:attachment":[{"href":"https:\/\/blogs.elnortedecastilla.es\/hoyempiezatodo\/wp-json\/wp\/v2\/media?parent=162"}],"wp:term":[{"taxonomy":"category","embeddable":true,"href":"https:\/\/blogs.elnortedecastilla.es\/hoyempiezatodo\/wp-json\/wp\/v2\/categories?post=162"},{"taxonomy":"post_tag","embeddable":true,"href":"https:\/\/blogs.elnortedecastilla.es\/hoyempiezatodo\/wp-json\/wp\/v2\/tags?post=162"}],"curies":[{"name":"wp","href":"https:\/\/api.w.org\/{rel}","templated":true}]}}