{"id":164,"date":"2014-10-22T09:02:25","date_gmt":"2014-10-22T09:02:25","guid":{"rendered":"http:\/\/blogs.elnortedecastilla.es\/hoyempiezatodo\/?p=164"},"modified":"2014-10-22T09:02:25","modified_gmt":"2014-10-22T09:02:25","slug":"cine-espanol","status":"publish","type":"post","link":"https:\/\/blogs.elnortedecastilla.es\/hoyempiezatodo\/2014\/10\/22\/cine-espanol\/","title":{"rendered":"Cine espa\u00f1ol"},"content":{"rendered":"<p><strong>Seminci &#8211; Caro Diario. <\/strong>Lunes 20 de octubre<\/p>\n<p>\u201cTime present and time past\u201d. Comenzar con un verso de T.S. Eliot tal vez deje un eco pedante, pero no se me ocurre nada m\u00e1s sint\u00e9tico que ese arranque de sus \u2018Cuatro cuartetos\u2019 para recoger el largo tiempo de la Seminci, 58 ediciones a cuestas, confront\u00e1ndose con el estallido de la 59, un torrente de t\u00edtulos y pantallas.<\/p>\n<p>El cruce entre pasado y presente nos lo trae el festival en los ciclos retrospectivos y en ese Spanish Cinema (\u00bfpor qu\u00e9 este t\u00edtulo de provincia del imperio?) que nos abre la posibilidad de revisitar lo que apresuradamente pas\u00f3 y ahora vuelve (son palabras de espectador de pantalla grande y sala oscura, ajeno a la libertad enana de la proyecci\u00f3n casera). Este a\u00f1o ha sido especial en el cine espa\u00f1ol, no solo por un ins\u00f3lito pico de recaudaci\u00f3n, tambi\u00e9n por la insistencia en el riesgo creativo. Quien no estuvo atento a \u2018Stella cadente\u2019, de Llu\u00eds Mi\u00f1arro, o \u201910.000 Km\u2019, de Carlos Marques-Marcet, tiene ahora nueva oportunidad. Tambi\u00e9n el que se perdi\u00f3 el ajuste de cuentas que Jaime Rosales montaba contra el t\u00edtulo de su pel\u00edcula \u2018Hermosa juventud\u2019. Pero entre los estremecimientos del pasado me gustar\u00eda recobrar el que me produjo \u2018La jaula de oro\u2019, pel\u00edcula mejicana del director burgal\u00e9s Diego Quemada-D\u00edez que hoy lunes agota sus pases.<\/p>\n<p>Cada vez que la prensa trae desgracias en la frontera entre M\u00e9xico y EEUU, o en cualquier otra frontera, que todas se construyen con las mismas navajas disfrazadas con eufemismos, vuelve a la memoria del ojo la traves\u00eda de aquellos ni\u00f1os guatemaltecos, forzosamente madurados en adultos, por todo M\u00e9xico, hacia el para\u00edso yanqui. Una escena: en el grupo de emigrantes forzosos hay una chica que por imprescindible prudencia se hace pasar por muchacho, hasta que es descubierta por una de las bandas que los asedian. Inmediatamente es apartada de los dem\u00e1s y desaparece para siempre. Es un robo humano que hace temblar estas l\u00edneas de rabia por la certeza de que, fuera de la pantalla, sucedi\u00f3 y sucede, extendiendo el dolor frente a nuestra mirada impotente.<\/p>\n<p>Una obra pasada que debe volver al presente. Qu\u00e9 seria est\u00e1 la vida.<\/p>\n","protected":false},"excerpt":{"rendered":"<p>Seminci &#8211; Caro Diario. Lunes 20 de octubre \u201cTime present and time past\u201d. Comenzar con un verso de T.S. Eliot tal vez deje un eco pedante, pero no se me ocurre nada m\u00e1s sint\u00e9tico que ese arranque de sus \u2018Cuatro cuartetos\u2019 para recoger el largo tiempo de la Seminci, 58 ediciones a cuestas, confront\u00e1ndose con [&hellip;]<\/p>\n","protected":false},"author":10645,"featured_media":0,"comment_status":"open","ping_status":"open","sticky":false,"template":"","format":"standard","meta":[],"categories":[1],"tags":[],"_links":{"self":[{"href":"https:\/\/blogs.elnortedecastilla.es\/hoyempiezatodo\/wp-json\/wp\/v2\/posts\/164"}],"collection":[{"href":"https:\/\/blogs.elnortedecastilla.es\/hoyempiezatodo\/wp-json\/wp\/v2\/posts"}],"about":[{"href":"https:\/\/blogs.elnortedecastilla.es\/hoyempiezatodo\/wp-json\/wp\/v2\/types\/post"}],"author":[{"embeddable":true,"href":"https:\/\/blogs.elnortedecastilla.es\/hoyempiezatodo\/wp-json\/wp\/v2\/users\/10645"}],"replies":[{"embeddable":true,"href":"https:\/\/blogs.elnortedecastilla.es\/hoyempiezatodo\/wp-json\/wp\/v2\/comments?post=164"}],"version-history":[{"count":0,"href":"https:\/\/blogs.elnortedecastilla.es\/hoyempiezatodo\/wp-json\/wp\/v2\/posts\/164\/revisions"}],"wp:attachment":[{"href":"https:\/\/blogs.elnortedecastilla.es\/hoyempiezatodo\/wp-json\/wp\/v2\/media?parent=164"}],"wp:term":[{"taxonomy":"category","embeddable":true,"href":"https:\/\/blogs.elnortedecastilla.es\/hoyempiezatodo\/wp-json\/wp\/v2\/categories?post=164"},{"taxonomy":"post_tag","embeddable":true,"href":"https:\/\/blogs.elnortedecastilla.es\/hoyempiezatodo\/wp-json\/wp\/v2\/tags?post=164"}],"curies":[{"name":"wp","href":"https:\/\/api.w.org\/{rel}","templated":true}]}}