{"id":166,"date":"2014-10-22T19:15:18","date_gmt":"2014-10-22T19:15:18","guid":{"rendered":"http:\/\/blogs.elnortedecastilla.es\/hoyempiezatodo\/?p=166"},"modified":"2014-10-22T19:15:18","modified_gmt":"2014-10-22T19:15:18","slug":"el-carrion","status":"publish","type":"post","link":"https:\/\/blogs.elnortedecastilla.es\/hoyempiezatodo\/2014\/10\/22\/el-carrion\/","title":{"rendered":"El Carri\u00f3n"},"content":{"rendered":"<p><strong>Seminci &#8211; Caro Diario.<\/strong> Martes 21 de octubre<\/p>\n<p>Lejos de m\u00ed la tentaci\u00f3n de titular \u201cSedes\u201d a esta colaboraci\u00f3n tras el sagaz art\u00edculo de Alex Grijelmo de hace unas fechas, poniendo en solfa esa tendencia a inflar palabras: sede parlamentaria por Parlamento, sede judicial por Juzgado, sede deportiva por estadio. No, nada de sedes. Edificios, cines, los lugares donde la Seminci funciona y se recibe.<\/p>\n<p>Con los edificios del festival se podr\u00eda armar un esqueleto cin\u00e9filo, urban\u00edstico y sentimental de la ciudad. Del desv\u00e1n de la memoria llega el recuerdo del Avenida (la sala de butacas m\u00e1s enorme que recuerdo), del Groucho, que simulaba un peque\u00f1o anfiteatro, del Coca, derribado sin hacer caso del nombre de la plaza que lo albergaba; tambi\u00e9n del Manter\u00eda y del Roxy, enhiestos pero muertos, qu\u00e9 jugada; del Lope de Vega, que de vez en cuando suelta unos cascotes de protesta. En la lista triste estaba el teatro Carri\u00f3n, que aunque nunca estuvo cerrado nos alej\u00f3 con su vida intermitente y su fachada descolorida. Pero hete aqu\u00ed que ahora nos reclama cada d\u00eda. Es la gran novedad junto con el LAVA, reservado en su singularidad para extensiones de moda, vinos y otras vainas.<\/p>\n<p>El Carri\u00f3n luce desde lejos un nuevo color, no s\u00e9 si romano o toscano, que obliga a detenerse ante su fachada. Qu\u00e9 elegancia de remates, que finura de l\u00edneas, qu\u00e9 bello chafl\u00e1n. Y qu\u00e9 calor recuperamos en su interior desde el mismo vest\u00edbulo, saboreando esa amplitud que solo parecen tener los edificios con solera. All\u00ed nos espera la doble escalera, enredada sobre s\u00ed misma y filtrada de colores por las cristaleras, y la planta de arriba que tiene un Ambig\u00fa que por s\u00ed solo ya merece la ascensi\u00f3n. Su mostrador de fantas\u00eda impone un c\u00f3ctel refinado, una copa de champagne, no s\u00e9, unas ostras de La Rochelle.<\/p>\n<p>El Carri\u00f3n. Una joya de este sufrido centro de la ciudad, cada vez m\u00e1s asediado por las fuerzas centr\u00edfugas que quieren sacar todo a las superficies comerciales, al alfoz, a tomar por el saco. Pero al menos esta semana d\u00e9monos todos la bienvenida en cada sesi\u00f3n, y que la paz de la sala oscura sea siempre con nosotros. Am\u00e9n.<\/p>\n","protected":false},"excerpt":{"rendered":"<p>Seminci &#8211; Caro Diario. Martes 21 de octubre Lejos de m\u00ed la tentaci\u00f3n de titular \u201cSedes\u201d a esta colaboraci\u00f3n tras el sagaz art\u00edculo de Alex Grijelmo de hace unas fechas, poniendo en solfa esa tendencia a inflar palabras: sede parlamentaria por Parlamento, sede judicial por Juzgado, sede deportiva por estadio. No, nada de sedes. Edificios, [&hellip;]<\/p>\n","protected":false},"author":10645,"featured_media":0,"comment_status":"open","ping_status":"open","sticky":false,"template":"","format":"standard","meta":[],"categories":[1],"tags":[],"_links":{"self":[{"href":"https:\/\/blogs.elnortedecastilla.es\/hoyempiezatodo\/wp-json\/wp\/v2\/posts\/166"}],"collection":[{"href":"https:\/\/blogs.elnortedecastilla.es\/hoyempiezatodo\/wp-json\/wp\/v2\/posts"}],"about":[{"href":"https:\/\/blogs.elnortedecastilla.es\/hoyempiezatodo\/wp-json\/wp\/v2\/types\/post"}],"author":[{"embeddable":true,"href":"https:\/\/blogs.elnortedecastilla.es\/hoyempiezatodo\/wp-json\/wp\/v2\/users\/10645"}],"replies":[{"embeddable":true,"href":"https:\/\/blogs.elnortedecastilla.es\/hoyempiezatodo\/wp-json\/wp\/v2\/comments?post=166"}],"version-history":[{"count":0,"href":"https:\/\/blogs.elnortedecastilla.es\/hoyempiezatodo\/wp-json\/wp\/v2\/posts\/166\/revisions"}],"wp:attachment":[{"href":"https:\/\/blogs.elnortedecastilla.es\/hoyempiezatodo\/wp-json\/wp\/v2\/media?parent=166"}],"wp:term":[{"taxonomy":"category","embeddable":true,"href":"https:\/\/blogs.elnortedecastilla.es\/hoyempiezatodo\/wp-json\/wp\/v2\/categories?post=166"},{"taxonomy":"post_tag","embeddable":true,"href":"https:\/\/blogs.elnortedecastilla.es\/hoyempiezatodo\/wp-json\/wp\/v2\/tags?post=166"}],"curies":[{"name":"wp","href":"https:\/\/api.w.org\/{rel}","templated":true}]}}