{"id":169,"date":"2014-10-22T19:19:16","date_gmt":"2014-10-22T19:19:16","guid":{"rendered":"http:\/\/blogs.elnortedecastilla.es\/hoyempiezatodo\/?p=169"},"modified":"2014-10-22T19:19:16","modified_gmt":"2014-10-22T19:19:16","slug":"escolares","status":"publish","type":"post","link":"https:\/\/blogs.elnortedecastilla.es\/hoyempiezatodo\/2014\/10\/22\/escolares\/","title":{"rendered":"Escolares"},"content":{"rendered":"<p><strong>Seminci &#8211; Caro Diario.<\/strong> Mi\u00e9rcoles 22 de octubre<\/p>\n<p>El lunes se incorpor\u00f3 a la Seminci ese p\u00fablico nuevo y animado, revoltoso pero menos. De lejos viene la sensibilidad del festival hacia los escolares. Durante muchos a\u00f1os he acudido con alumnos a sesiones que sustitu\u00edan a las clases, con el l\u00f3gico entusiasmo de la clientela fuese cual fuese la pel\u00edcula. Los pupitres quedaban lejos por unas horas. Este a\u00f1o gozan de ciclos espec\u00edficos: para chavales la Seminci joven, y para los ni\u00f1os de Primaria Miniminci. Ser\u00eda toda una experiencia acudir al Miguel Delibes con 1.000 inquietos compa\u00f1eros de butaca, tras tantas sesiones solitarias en los cines comerciales. \u00bfPrender\u00e1 algo la llama?<\/p>\n<p>La Seminci ya ha hecho su trabajo, y hay que felicitarla por ello. La mueca me cambia cuando pienso en la propia instituci\u00f3n educativa. Hace unos d\u00edas dialogaba Javier Angulo con Pilar Gonz\u00e1lez, directora de Innovaci\u00f3n Educativa y Formaci\u00f3n del Profesorado, y si las esperanzas del primero vienen respaldadas por esos ciclos juveniles, las buenas palabras de la segunda no tienen ninguna realidad. Y lo s\u00e9 por experiencia propia, tras muchos a\u00f1os de fomentar el cine y el mundo audiovisual en un Instituto de la ciudad. A las autoridades educativas el mundo de la imagen siempre le ha sonado a chino (perd\u00f3n, que el chino ahora forma parte del curr\u00edculo). Cuando desganadamente implantaron la asignatura de Comunicaci\u00f3n Audiovisual en Bachillerato no hubo m\u00e1s apoyo que el voluntarismo del profesorado, hasta que un d\u00eda, sin raz\u00f3n alguna, la suprimieron con la misma alegr\u00eda que la implantaron, sin miramientos hacia los que durante muchos a\u00f1os la impartimos ni dar respuesta a las propuestas enviadas. Por lo menos llegan satisfacciones como la de encontrar en un jurado a un antiguo alumno de Comunicaci\u00f3n Audiovisual.<\/p>\n<p>De vez en cuando oyes al ministro o a la subsecretaria de turno manifestar su entusiasmo por el cine o por la imagen, llenarse la boca con sus virtudes educativas, pero el desierto no cambia.<\/p>\n<p>Bueno, chavales, vosotros a lo vuestro, a disfrutar de una pantalla grande y de una pel\u00edcula estupenda. Lo primero est\u00e1 asegurado.<\/p>\n","protected":false},"excerpt":{"rendered":"<p>Seminci &#8211; Caro Diario. Mi\u00e9rcoles 22 de octubre El lunes se incorpor\u00f3 a la Seminci ese p\u00fablico nuevo y animado, revoltoso pero menos. De lejos viene la sensibilidad del festival hacia los escolares. Durante muchos a\u00f1os he acudido con alumnos a sesiones que sustitu\u00edan a las clases, con el l\u00f3gico entusiasmo de la clientela fuese [&hellip;]<\/p>\n","protected":false},"author":10645,"featured_media":0,"comment_status":"open","ping_status":"open","sticky":false,"template":"","format":"standard","meta":[],"categories":[1],"tags":[],"_links":{"self":[{"href":"https:\/\/blogs.elnortedecastilla.es\/hoyempiezatodo\/wp-json\/wp\/v2\/posts\/169"}],"collection":[{"href":"https:\/\/blogs.elnortedecastilla.es\/hoyempiezatodo\/wp-json\/wp\/v2\/posts"}],"about":[{"href":"https:\/\/blogs.elnortedecastilla.es\/hoyempiezatodo\/wp-json\/wp\/v2\/types\/post"}],"author":[{"embeddable":true,"href":"https:\/\/blogs.elnortedecastilla.es\/hoyempiezatodo\/wp-json\/wp\/v2\/users\/10645"}],"replies":[{"embeddable":true,"href":"https:\/\/blogs.elnortedecastilla.es\/hoyempiezatodo\/wp-json\/wp\/v2\/comments?post=169"}],"version-history":[{"count":0,"href":"https:\/\/blogs.elnortedecastilla.es\/hoyempiezatodo\/wp-json\/wp\/v2\/posts\/169\/revisions"}],"wp:attachment":[{"href":"https:\/\/blogs.elnortedecastilla.es\/hoyempiezatodo\/wp-json\/wp\/v2\/media?parent=169"}],"wp:term":[{"taxonomy":"category","embeddable":true,"href":"https:\/\/blogs.elnortedecastilla.es\/hoyempiezatodo\/wp-json\/wp\/v2\/categories?post=169"},{"taxonomy":"post_tag","embeddable":true,"href":"https:\/\/blogs.elnortedecastilla.es\/hoyempiezatodo\/wp-json\/wp\/v2\/tags?post=169"}],"curies":[{"name":"wp","href":"https:\/\/api.w.org\/{rel}","templated":true}]}}