{"id":179,"date":"2014-10-25T18:29:09","date_gmt":"2014-10-25T18:29:09","guid":{"rendered":"http:\/\/blogs.elnortedecastilla.es\/hoyempiezatodo\/?p=179"},"modified":"2014-10-25T18:29:09","modified_gmt":"2014-10-25T18:29:09","slug":"encuentro-desencuentro","status":"publish","type":"post","link":"https:\/\/blogs.elnortedecastilla.es\/hoyempiezatodo\/2014\/10\/25\/encuentro-desencuentro\/","title":{"rendered":"Encuentro, desencuentro"},"content":{"rendered":"<p><strong>Seminci &#8211; Caro Diario.<\/strong> S\u00e1bado 25 de octubre<\/p>\n<p>Unas p\u00e1ginas m\u00e1s atr\u00e1s de esta esquina he ido dejando la rese\u00f1a diaria de la secci\u00f3n Punto de Encuentro. Han sido 15 pel\u00edculas con un \u00fanico nexo de uni\u00f3n: que supusieran el debut de su director en el largometraje, o en todo caso su segunda obra. Por lo dem\u00e1s la variedad de origen es total: Croacia, M\u00e9xico, B\u00e9lgica, Palestina, Espa\u00f1a\u2026<\/p>\n<p>\u00bfQu\u00e9 se pod\u00eda esperar de una colecci\u00f3n de obras de este tipo? Ilusi\u00f3n, inexperiencia, pasi\u00f3n cin\u00e9fila, primac\u00eda de fondo sobre forma, ganas de abarcarlo todo, de abrasar la pantalla. Poco de eso he encontrado. Salvo alguna excepci\u00f3n como la turca \u2018G\u00f6z\u00fcm\u00fcn N\u00fbrn\u2019, casi todas presentaban una historia de molde cl\u00e1sico sobre un pulido acabado t\u00e9cnico. Es cierto que muchos directores ven\u00edan con una amplia trayectoria en televisi\u00f3n o en el documental. Pero en bastantes casos llama la atenci\u00f3n la, c\u00f3mo decirlo, amabilidad, sensatez, c\u00e1lculo. Y mejor una agradable comedia que otro g\u00e9nero m\u00e1s espeso. El enfoque pol\u00edtico o el debate ideol\u00f3gico, aquel en el que se enredaron algunas de las mejores cabezas europeas, ni rozarlo. La experimentaci\u00f3n, el derribo de convenciones, la provocaci\u00f3n o el desaf\u00edo, ni so\u00f1arlos. Obras m\u00e1s bien aseadas, con su colch\u00f3n musical y un embudo final que deje al espectador tranquilo ante los t\u00edtulos de cr\u00e9dito. S\u00ed, ha habido excepciones, obras de altura como la palestina \u2018Villa Touma\u2019 o la israel\u00ed \u2018At li layla\u2019, o delicadas como la mexicana \u2018Las horas contigo\u2019. Pero me pregunto si esto es lo que cabe esperar de un grupo de escogidos debutantes en un festival que presume del cine de autor.<\/p>\n<p>Los caminos de selecci\u00f3n de pel\u00edculas tienen que ser por fuerza complicados. Hay muchos festivales, y supongo que bastantes obras quedan fuera de las posibilidades de la Seminci. Pero un cine de mucho m\u00e1s riesgo es perceptible en nuestro pa\u00eds, y seguramente se d\u00e9 en otras geograf\u00edas. En mi opini\u00f3n habr\u00eda que abrir las ventanas de esta secci\u00f3n para que fuera realmente un punto de encuentro de lo nuevo, de lo imperfecto pero apasionado, de lo que por su atrevimiento merece el empuj\u00f3n de su presencia.<\/p>\n","protected":false},"excerpt":{"rendered":"<p>Seminci &#8211; Caro Diario. S\u00e1bado 25 de octubre Unas p\u00e1ginas m\u00e1s atr\u00e1s de esta esquina he ido dejando la rese\u00f1a diaria de la secci\u00f3n Punto de Encuentro. Han sido 15 pel\u00edculas con un \u00fanico nexo de uni\u00f3n: que supusieran el debut de su director en el largometraje, o en todo caso su segunda obra. Por [&hellip;]<\/p>\n","protected":false},"author":10645,"featured_media":0,"comment_status":"open","ping_status":"open","sticky":false,"template":"","format":"standard","meta":[],"categories":[1],"tags":[],"_links":{"self":[{"href":"https:\/\/blogs.elnortedecastilla.es\/hoyempiezatodo\/wp-json\/wp\/v2\/posts\/179"}],"collection":[{"href":"https:\/\/blogs.elnortedecastilla.es\/hoyempiezatodo\/wp-json\/wp\/v2\/posts"}],"about":[{"href":"https:\/\/blogs.elnortedecastilla.es\/hoyempiezatodo\/wp-json\/wp\/v2\/types\/post"}],"author":[{"embeddable":true,"href":"https:\/\/blogs.elnortedecastilla.es\/hoyempiezatodo\/wp-json\/wp\/v2\/users\/10645"}],"replies":[{"embeddable":true,"href":"https:\/\/blogs.elnortedecastilla.es\/hoyempiezatodo\/wp-json\/wp\/v2\/comments?post=179"}],"version-history":[{"count":0,"href":"https:\/\/blogs.elnortedecastilla.es\/hoyempiezatodo\/wp-json\/wp\/v2\/posts\/179\/revisions"}],"wp:attachment":[{"href":"https:\/\/blogs.elnortedecastilla.es\/hoyempiezatodo\/wp-json\/wp\/v2\/media?parent=179"}],"wp:term":[{"taxonomy":"category","embeddable":true,"href":"https:\/\/blogs.elnortedecastilla.es\/hoyempiezatodo\/wp-json\/wp\/v2\/categories?post=179"},{"taxonomy":"post_tag","embeddable":true,"href":"https:\/\/blogs.elnortedecastilla.es\/hoyempiezatodo\/wp-json\/wp\/v2\/tags?post=179"}],"curies":[{"name":"wp","href":"https:\/\/api.w.org\/{rel}","templated":true}]}}