{"id":182,"date":"2014-10-25T18:31:29","date_gmt":"2014-10-25T18:31:29","guid":{"rendered":"http:\/\/blogs.elnortedecastilla.es\/hoyempiezatodo\/?p=182"},"modified":"2014-10-25T18:31:29","modified_gmt":"2014-10-25T18:31:29","slug":"cronicas-de-la-muerte-y-de-la-oscuridad","status":"publish","type":"post","link":"https:\/\/blogs.elnortedecastilla.es\/hoyempiezatodo\/2014\/10\/25\/cronicas-de-la-muerte-y-de-la-oscuridad\/","title":{"rendered":"Cr\u00f3nicas de la muerte y de la oscuridad"},"content":{"rendered":"<p><strong>Seminci &#8211; Punto de Encuentro.<\/strong> S\u00e1bado 25 de octubre<\/p>\n<p>Catalina Aguilar Mastretta ha recuperado para su primer largometraje, \u2018Las horas contigo\u2019, el aire de unos hechos que conoci\u00f3 muy de cerca. En la casa familiar de Puebla, donde pas\u00f3 parte de su infancia, cuid\u00f3 a su abuela en la \u00faltima fase de su enfermedad, hasta que muri\u00f3. A la misma casa ha vuelto con un guion propio para rodar una historia paralela a la suya.<\/p>\n<p>Los hechos, salvo un peque\u00f1o pr\u00f3logo de a\u00f1os atr\u00e1s, se centran en los d\u00edas en que la abuela sufre un agravamiento de su enfermedad, en coincidencia con el momento en que su nieta descubre que est\u00e1 embarazada. A partir de ah\u00ed la c\u00e1mara ya no volver\u00e1 a salir de la casa familiar, salvo para una peque\u00f1a excursi\u00f3n hacia los volcanes. El juego narrativo surge de las relaciones entre las mujeres que pueblan la casa, las tres generaciones de la familia m\u00e1s las criadas. Un mundo complejo y femenino que arrastra rencores y heridas, tambi\u00e9n incomprensiones y diferencias que la estrecha convivencia va limando. La espera de la muerte se convierte en realidad en un reverdecer de la vida que aporta un tono optimista a la narraci\u00f3n, y evita el solo funerario en que pod\u00eda haberse convertido. El proceso ag\u00f3nico est\u00e1 contado con delicadeza por una c\u00e1mara atenta a las manos sarmentosas de la anciana, a sus vibraciones, a su respiraci\u00f3n fatigada. Y la atm\u00f3sfera opresiva de la inminencia de la muerte se diluye bastante por una m\u00fasica azucarada y una fotograf\u00eda luminosa y colorista que en los exteriores deja una cierta sensaci\u00f3n de postal.<\/p>\n<p>La pel\u00edcula cumple con su objetivo esencial, que no es otro que compartir la muerte de un ser querido con cualquier espectador capaz de evocar y reconocer, y sin caer en el dolor negativo. La vida, alejada de toda trascendencia religiosa, permanece en la casa de Puebla.<\/p>\n<p>Un cariz muy distinto tiene \u2018Pi\u00f9 buio di mezzanotte\u2019 (M\u00e1s oscuro que la medianoche), un acercamiento al mundo de la prostituci\u00f3n homosexual en su vertiente m\u00e1s marginal. El protagonista es un adolescente, casi un ni\u00f1o, un andr\u00f3gino que huye de casa por los malos tratos y abusos de su padre, y que no encuentra mejor paradero que los j\u00f3venes y travestis que viven pr\u00e1cticamente en la calle y haciendo la calle, que comparten con \u00e9l lo poco que tienen. Es un grupo acosado por la polic\u00eda, maltratado por sus explotadores e indefenso en su debilidad y casi inocencia. No hay ninguna mirada condenatoria ni anal\u00edtica, la c\u00e1mara vaga entre la inmundicia que les rodea, recoge sus afectos y su extravagancia, tambi\u00e9n su soledad.<\/p>\n<p>La apuesta del director Sebastiano Riso en su primer largometraje es la primac\u00eda que da a la atm\u00f3sfera sobre los acontecimientos. Suceden pocas cosas, y se cuentan de forma indirecta, a veces con la ayuda de \u201cflash-back\u201d para remontar la vida del chico. La fotograf\u00eda se impregna continuamente de tonos naranjas y rojizos mezclados con grises y negros con resultados realmente notables, y emplea una t\u00e9cnica que perturba los colores de las caras y de la piel acerc\u00e1ndolos al c\u00f3mic, un efecto que llega a cansar, aunque refuerza la sordidez que gobierna la pel\u00edcula. La Catania donde suceden los hechos queda reducida a edificios arruinados y calles muy sucias, atravesadas por una c\u00e1mara que corre en travellings largos repitiendo una y otra vez los rostros de la prostituci\u00f3n que ocupan las aceras. Una pel\u00edcula interesante, de problem\u00e1tica exhibici\u00f3n comercial por la dureza del tema y la narraci\u00f3n oblicua que desarrolla.<\/p>\n","protected":false},"excerpt":{"rendered":"<p>Seminci &#8211; Punto de Encuentro. S\u00e1bado 25 de octubre Catalina Aguilar Mastretta ha recuperado para su primer largometraje, \u2018Las horas contigo\u2019, el aire de unos hechos que conoci\u00f3 muy de cerca. En la casa familiar de Puebla, donde pas\u00f3 parte de su infancia, cuid\u00f3 a su abuela en la \u00faltima fase de su enfermedad, hasta [&hellip;]<\/p>\n","protected":false},"author":10645,"featured_media":0,"comment_status":"open","ping_status":"open","sticky":false,"template":"","format":"standard","meta":[],"categories":[1],"tags":[],"_links":{"self":[{"href":"https:\/\/blogs.elnortedecastilla.es\/hoyempiezatodo\/wp-json\/wp\/v2\/posts\/182"}],"collection":[{"href":"https:\/\/blogs.elnortedecastilla.es\/hoyempiezatodo\/wp-json\/wp\/v2\/posts"}],"about":[{"href":"https:\/\/blogs.elnortedecastilla.es\/hoyempiezatodo\/wp-json\/wp\/v2\/types\/post"}],"author":[{"embeddable":true,"href":"https:\/\/blogs.elnortedecastilla.es\/hoyempiezatodo\/wp-json\/wp\/v2\/users\/10645"}],"replies":[{"embeddable":true,"href":"https:\/\/blogs.elnortedecastilla.es\/hoyempiezatodo\/wp-json\/wp\/v2\/comments?post=182"}],"version-history":[{"count":0,"href":"https:\/\/blogs.elnortedecastilla.es\/hoyempiezatodo\/wp-json\/wp\/v2\/posts\/182\/revisions"}],"wp:attachment":[{"href":"https:\/\/blogs.elnortedecastilla.es\/hoyempiezatodo\/wp-json\/wp\/v2\/media?parent=182"}],"wp:term":[{"taxonomy":"category","embeddable":true,"href":"https:\/\/blogs.elnortedecastilla.es\/hoyempiezatodo\/wp-json\/wp\/v2\/categories?post=182"},{"taxonomy":"post_tag","embeddable":true,"href":"https:\/\/blogs.elnortedecastilla.es\/hoyempiezatodo\/wp-json\/wp\/v2\/tags?post=182"}],"curies":[{"name":"wp","href":"https:\/\/api.w.org\/{rel}","templated":true}]}}