{"id":185,"date":"2014-10-26T19:56:10","date_gmt":"2014-10-26T19:56:10","guid":{"rendered":"http:\/\/blogs.elnortedecastilla.es\/hoyempiezatodo\/?p=185"},"modified":"2014-10-26T19:56:10","modified_gmt":"2014-10-26T19:56:10","slug":"vallaminci","status":"publish","type":"post","link":"https:\/\/blogs.elnortedecastilla.es\/hoyempiezatodo\/2014\/10\/26\/vallaminci\/","title":{"rendered":"Vallaminci"},"content":{"rendered":"<p><strong>Seminci &#8211; Caro Diario.<\/strong> Domindo 26 de octubre<\/p>\n<p>Ve\u00edas el cartel nada m\u00e1s entrar en el vag\u00f3n del AVE: \u201cSaborea Valladolid\u201d, colgado encima de cada asiento, y acompa\u00f1ado de los morritos que son marca del festival. As\u00ed que los viajeros se bajaban en la estaci\u00f3n del Campo Grande con el cogote masajeado por esos labios que para unos son de Marilyn Monroe y para otros de Mick Jagger. Me dicen que s\u00ed se ha notado la presencia de los visitantes madrile\u00f1os, c\u00f3modos en una ciudad que, por una semana, se mostraba tan inabarcable como su urbe.<\/p>\n<p>Valladolid es ciudad recogida, paseable. Los estrenos de cine se ven en los pocos d\u00edas que son novedad, y queda tiempo (casi) suficiente para un concierto, una exposici\u00f3n sobre la marcha, aquella presentaci\u00f3n de Landero. En bares y tapas se escapa sobre todo lo que el bolsillo no permite, aunque a veces un ciencias (palabra de mi dilecto Francisco Cantalapiedra) te afea el desconocimiento de un antro de La Victoria. Pero llega la Seminci y el orden se va al garete. Los avances prometen, excitan: este ciclo, el vino+cine, Blancanieves, el coreano, los turcos\u2026 qui\u00e1! Basta abrir el programa un d\u00eda cualquiera para darse de bruces con la peque\u00f1ez del que lo mira, que intenta seg\u00fan la costumbre leerlo en horizontal, de izquierda a derecha, cuando lo que impone el reloj es la \u00fanica organizaci\u00f3n posible, la vertical: a las 11.30 la croata, a las 16.30 puedo hacer la digesti\u00f3n en el Zorrilla, y si quiero ir al LAVA a las 20 me perder\u00e9\u2026 Casi todo queda fuera, a Olmi ni rozarlo, los turcos se van tan v\u00edrgenes como hab\u00edan llegado, el Ribera del LAVA lo conseguir\u00e9 pagando en el bar. De las tapas me contento con leer los nombres en el mapa: \u201cPulp-o-fiction\u201d, \u201cLluvia de alb\u00f3ndigas\u201d, y as\u00ed.<\/p>\n<p>Durante la Seminci hemos sido la urbe inacabable en la que no hay tiempo para casi nada, en que vamos con la lengua fuera, y sin metro. Est\u00e1bamos raros con una oferta tan cuantiosa. A partir de hoy fin de morritos en el AVE, volvemos al Valladolid aut\u00e9ntico, el de los cines como cavernas abandonadas por los neandertales y tapas gratuitas de cinco aceitunas. Ya no somos seminceros.<\/p>\n","protected":false},"excerpt":{"rendered":"<p>Seminci &#8211; Caro Diario. Domindo 26 de octubre Ve\u00edas el cartel nada m\u00e1s entrar en el vag\u00f3n del AVE: \u201cSaborea Valladolid\u201d, colgado encima de cada asiento, y acompa\u00f1ado de los morritos que son marca del festival. As\u00ed que los viajeros se bajaban en la estaci\u00f3n del Campo Grande con el cogote masajeado por esos labios [&hellip;]<\/p>\n","protected":false},"author":10645,"featured_media":0,"comment_status":"open","ping_status":"open","sticky":false,"template":"","format":"standard","meta":[],"categories":[1],"tags":[],"_links":{"self":[{"href":"https:\/\/blogs.elnortedecastilla.es\/hoyempiezatodo\/wp-json\/wp\/v2\/posts\/185"}],"collection":[{"href":"https:\/\/blogs.elnortedecastilla.es\/hoyempiezatodo\/wp-json\/wp\/v2\/posts"}],"about":[{"href":"https:\/\/blogs.elnortedecastilla.es\/hoyempiezatodo\/wp-json\/wp\/v2\/types\/post"}],"author":[{"embeddable":true,"href":"https:\/\/blogs.elnortedecastilla.es\/hoyempiezatodo\/wp-json\/wp\/v2\/users\/10645"}],"replies":[{"embeddable":true,"href":"https:\/\/blogs.elnortedecastilla.es\/hoyempiezatodo\/wp-json\/wp\/v2\/comments?post=185"}],"version-history":[{"count":0,"href":"https:\/\/blogs.elnortedecastilla.es\/hoyempiezatodo\/wp-json\/wp\/v2\/posts\/185\/revisions"}],"wp:attachment":[{"href":"https:\/\/blogs.elnortedecastilla.es\/hoyempiezatodo\/wp-json\/wp\/v2\/media?parent=185"}],"wp:term":[{"taxonomy":"category","embeddable":true,"href":"https:\/\/blogs.elnortedecastilla.es\/hoyempiezatodo\/wp-json\/wp\/v2\/categories?post=185"},{"taxonomy":"post_tag","embeddable":true,"href":"https:\/\/blogs.elnortedecastilla.es\/hoyempiezatodo\/wp-json\/wp\/v2\/tags?post=185"}],"curies":[{"name":"wp","href":"https:\/\/api.w.org\/{rel}","templated":true}]}}