{"id":498,"date":"2018-10-21T12:22:38","date_gmt":"2018-10-21T12:22:38","guid":{"rendered":"https:\/\/blogs.elnortedecastilla.es\/hoyempiezatodo\/?p=498"},"modified":"2018-10-21T12:22:38","modified_gmt":"2018-10-21T12:22:38","slug":"aquel-cristo","status":"publish","type":"post","link":"https:\/\/blogs.elnortedecastilla.es\/hoyempiezatodo\/2018\/10\/21\/aquel-cristo\/","title":{"rendered":"Aquel cristo"},"content":{"rendered":"<p>Creo que la primera presencia que registra mi memoria de una pel\u00edcula espa\u00f1ola en la Seminci es \u2018El Cristo del Oc\u00e9ano\u2019, dirigida por Ram\u00f3n Fern\u00e1ndez en 1971. Y no es un recuerdo de cinefilia juvenil, sino de escandalera p\u00fablica. Pateos, c\u00f3mo es posible, qu\u00e9 pinta esto aqu\u00ed\u2026 (las ganas acumuladas en la noche franquista aumentaron la protesta). Esa p\u00eda pel\u00edcula parec\u00eda trazar una larga vocaci\u00f3n de, c\u00f3mo decirlo, desentendimiento, desatenci\u00f3n, olvido del cine espa\u00f1ol que arriesgase y mereciese la pena. Las ocasiones de enmendar fueron muchas y aprovechadas, desde aquellos inolvidables ciclos de Edgar Neville en adelante, a la presencia fija del Spanish Cinema (t\u00edtulo mejorable). Y ahora tambi\u00e9n DOC. Espa\u00f1a, y la atenci\u00f3n a las escuelas de cine, y la noche del corto, y tantas cosas m\u00e1s.<br \/>\nPero la Secci\u00f3n Oficial\u2026 Repaso las pel\u00edculas espa\u00f1olas de las \u00faltimas ediciones, y solo acierto a guardar los estrenos de Isabel Coixet y la delicadeza de Mar Coll en \u2018Todos queremos lo mejor para ella\u2019. Creo que lo \u00fanico realmente memorable fue el pase de \u2018Vidrios rotos\u2019, el fragmento de V\u00edctor Erice para la colectiva \u2018Centro hist\u00f3rico\u2019 que tantas emociones dej\u00f3.<br \/>\nEste a\u00f1o ha empezado con una elecci\u00f3n nada afortunada, \u2018Tu hijo\u2019, de Miguel \u00c1ngel Vivas. Espera luego \u2018Jaulas\u2019, del debutante Nicol\u00e1s Pacheco, y una coproducci\u00f3n con Argentina, \u2018Mi obra maestra\u2019, de Gast\u00f3n Duprat. Pero es que si sacamos la cabeza y miramos alrededor, ver\u00edamos una oleada de t\u00edtulos y nombres renovadores en el cine patrio como pocas temporadas se han dado. \u2018Las distancias\u2019, \u2018En las estrellas\u2019, \u2018Carmen y Lola\u2019, \u2018El reino\u2019, han ido estren\u00e1ndose al final del verano. \u2018Viaje al cuarto de una madre\u2019 estaba en cartelera en los d\u00edas previos al festival, y pronto llegar\u00e1n los nuevos t\u00edtulos de Isaki Lacuesta, Carlos Vermut, Anna Schulz, El\u00edas Sim\u00f3n Siminiani, Jaime Rosales\u2026, algunos con hueco ocasional en Spanish Cinema, pero, \u00bfacaso les falta categor\u00eda para el ascenso a la Secci\u00f3n Oficial? El mal fario de aquel remoto cristo oce\u00e1nico parece que se perpet\u00faa a\u00f1o tras a\u00f1o en una presunta desgana.<\/p>\n<p>(Caro Diario &#8211; Seminci 2018)<\/p>\n","protected":false},"excerpt":{"rendered":"<p>Creo que la primera presencia que registra mi memoria de una pel\u00edcula espa\u00f1ola en la Seminci es \u2018El Cristo del Oc\u00e9ano\u2019, dirigida por Ram\u00f3n Fern\u00e1ndez en 1971. Y no es un recuerdo de cinefilia juvenil, sino de escandalera p\u00fablica. Pateos, c\u00f3mo es posible, qu\u00e9 pinta esto aqu\u00ed\u2026 (las ganas acumuladas en la noche franquista aumentaron [&hellip;]<\/p>\n","protected":false},"author":10645,"featured_media":0,"comment_status":"open","ping_status":"open","sticky":false,"template":"","format":"standard","meta":[],"categories":[1],"tags":[],"_links":{"self":[{"href":"https:\/\/blogs.elnortedecastilla.es\/hoyempiezatodo\/wp-json\/wp\/v2\/posts\/498"}],"collection":[{"href":"https:\/\/blogs.elnortedecastilla.es\/hoyempiezatodo\/wp-json\/wp\/v2\/posts"}],"about":[{"href":"https:\/\/blogs.elnortedecastilla.es\/hoyempiezatodo\/wp-json\/wp\/v2\/types\/post"}],"author":[{"embeddable":true,"href":"https:\/\/blogs.elnortedecastilla.es\/hoyempiezatodo\/wp-json\/wp\/v2\/users\/10645"}],"replies":[{"embeddable":true,"href":"https:\/\/blogs.elnortedecastilla.es\/hoyempiezatodo\/wp-json\/wp\/v2\/comments?post=498"}],"version-history":[{"count":1,"href":"https:\/\/blogs.elnortedecastilla.es\/hoyempiezatodo\/wp-json\/wp\/v2\/posts\/498\/revisions"}],"predecessor-version":[{"id":499,"href":"https:\/\/blogs.elnortedecastilla.es\/hoyempiezatodo\/wp-json\/wp\/v2\/posts\/498\/revisions\/499"}],"wp:attachment":[{"href":"https:\/\/blogs.elnortedecastilla.es\/hoyempiezatodo\/wp-json\/wp\/v2\/media?parent=498"}],"wp:term":[{"taxonomy":"category","embeddable":true,"href":"https:\/\/blogs.elnortedecastilla.es\/hoyempiezatodo\/wp-json\/wp\/v2\/categories?post=498"},{"taxonomy":"post_tag","embeddable":true,"href":"https:\/\/blogs.elnortedecastilla.es\/hoyempiezatodo\/wp-json\/wp\/v2\/tags?post=498"}],"curies":[{"name":"wp","href":"https:\/\/api.w.org\/{rel}","templated":true}]}}