{"id":503,"date":"2018-10-22T08:30:18","date_gmt":"2018-10-22T08:30:18","guid":{"rendered":"https:\/\/blogs.elnortedecastilla.es\/hoyempiezatodo\/?p=503"},"modified":"2018-10-22T08:30:18","modified_gmt":"2018-10-22T08:30:18","slug":"o-misterio-das-coisas","status":"publish","type":"post","link":"https:\/\/blogs.elnortedecastilla.es\/hoyempiezatodo\/2018\/10\/22\/o-misterio-das-coisas\/","title":{"rendered":"O mist\u00e9rio das coisas"},"content":{"rendered":"<p>\u201cO mist\u00e9rio das coisas, onde est\u00e1 ele?\u201d (\u201cEl misterio de las cosas, \u00bfd\u00f3nde est\u00e1?\u201d), pregunta Fernando Pessoa a trav\u00e9s de su heter\u00f3nimo Alberto Caeiro. El misterio del cine portugu\u00e9s, \u00bfcu\u00e1l es? Un cine que, como dice el cr\u00edtico Jos\u00e9 Vieira Mendes, no tiene una industria detr\u00e1s, solo peque\u00f1as productoras fundadas para cada aventura que emprenden. Tampoco un p\u00fablico numeroso que ofrezca soporte de exhibici\u00f3n. Ni capacidad de exportaci\u00f3n, pues su mercado natural, Brasil, se ve lastrado por una diferencia idiom\u00e1tica que exige el subtitulado de las pel\u00edculas si se quiere mantener el sonido original.<br \/>\nPero tal vez esas carencias revierten en virtudes art\u00edsticas. Olvidados de la comercialidad, y sabedores de que su supervivencia vendr\u00e1 otorgada por la atenci\u00f3n en festivales de cine y en circuitos culturales espec\u00edficos, los cineastas portugueses se meten en desaf\u00edos art\u00edsticos de una pureza y ambici\u00f3n sin parang\u00f3n. Repaso las \u00faltimas pel\u00edculas portuguesas estrenadas en Valladolid: \u201cCavalo Dinheiro\u201d, de Pedro Costa. \u201cLas mil y una noches\u201d, de Miguel Gomes (compuesto por tres largometrajes). \u201cCartas de la guerra\u201d, de Ivo M. Ferreira.  \u201cCorrespondencias\u201d, de Rita Azevedo\u2026 \u00bfAlguna cinematograf\u00eda ofrece esa densidad de retos, sin descansos comerciales, sin obras de entretenimiento o encaminadas a la taquilla f\u00e1cil?<br \/>\nAs\u00ed que no cabe m\u00e1s que felicitar a la Seminci por haber elegido a este pa\u00eds, ligado por otra parte al festival por lazos subterr\u00e1neos y antiguos. Oliveira tuvo aqu\u00ed una presencia importante cuando todav\u00eda no pose\u00eda una filmograf\u00eda demasiado poblada (era un principiante que empez\u00f3 a dirigir con m\u00e1s de 60 a\u00f1os, y acab\u00f3 con 106). Ahora podemos ver su despedida del cine y de la vida, el cortometraje \u2018O Velho do Restelo\u2019. Tambi\u00e9n form\u00f3 parte del jurado de la Seminci la novelista Agustina Bessa Luis. Y nos llega, en el extremo opuesto de la edad, \u2018Ver\u00e3o Danado\u2019, dirigida por Pedro Cabeleira a los 25 a\u00f1os.<br \/>\nHag\u00e1mosles un sitio de honor en esta apretada Seminci, sin darle m\u00e1s vueltas. Y acabamos como empezamos, con Fernando Pessoa: \u201cAs na\u00e7\u00f5es todas s\u00e3o mist\u00e9rios\u201d. <\/p>\n<p>Caro Diario &#8211; Seminci 2018<\/p>\n","protected":false},"excerpt":{"rendered":"<p>\u201cO mist\u00e9rio das coisas, onde est\u00e1 ele?\u201d (\u201cEl misterio de las cosas, \u00bfd\u00f3nde est\u00e1?\u201d), pregunta Fernando Pessoa a trav\u00e9s de su heter\u00f3nimo Alberto Caeiro. El misterio del cine portugu\u00e9s, \u00bfcu\u00e1l es? Un cine que, como dice el cr\u00edtico Jos\u00e9 Vieira Mendes, no tiene una industria detr\u00e1s, solo peque\u00f1as productoras fundadas para cada aventura que emprenden. [&hellip;]<\/p>\n","protected":false},"author":10645,"featured_media":0,"comment_status":"open","ping_status":"open","sticky":false,"template":"","format":"standard","meta":[],"categories":[1],"tags":[],"_links":{"self":[{"href":"https:\/\/blogs.elnortedecastilla.es\/hoyempiezatodo\/wp-json\/wp\/v2\/posts\/503"}],"collection":[{"href":"https:\/\/blogs.elnortedecastilla.es\/hoyempiezatodo\/wp-json\/wp\/v2\/posts"}],"about":[{"href":"https:\/\/blogs.elnortedecastilla.es\/hoyempiezatodo\/wp-json\/wp\/v2\/types\/post"}],"author":[{"embeddable":true,"href":"https:\/\/blogs.elnortedecastilla.es\/hoyempiezatodo\/wp-json\/wp\/v2\/users\/10645"}],"replies":[{"embeddable":true,"href":"https:\/\/blogs.elnortedecastilla.es\/hoyempiezatodo\/wp-json\/wp\/v2\/comments?post=503"}],"version-history":[{"count":1,"href":"https:\/\/blogs.elnortedecastilla.es\/hoyempiezatodo\/wp-json\/wp\/v2\/posts\/503\/revisions"}],"predecessor-version":[{"id":504,"href":"https:\/\/blogs.elnortedecastilla.es\/hoyempiezatodo\/wp-json\/wp\/v2\/posts\/503\/revisions\/504"}],"wp:attachment":[{"href":"https:\/\/blogs.elnortedecastilla.es\/hoyempiezatodo\/wp-json\/wp\/v2\/media?parent=503"}],"wp:term":[{"taxonomy":"category","embeddable":true,"href":"https:\/\/blogs.elnortedecastilla.es\/hoyempiezatodo\/wp-json\/wp\/v2\/categories?post=503"},{"taxonomy":"post_tag","embeddable":true,"href":"https:\/\/blogs.elnortedecastilla.es\/hoyempiezatodo\/wp-json\/wp\/v2\/tags?post=503"}],"curies":[{"name":"wp","href":"https:\/\/api.w.org\/{rel}","templated":true}]}}