{"id":507,"date":"2018-10-23T06:45:19","date_gmt":"2018-10-23T06:45:19","guid":{"rendered":"https:\/\/blogs.elnortedecastilla.es\/hoyempiezatodo\/?p=507"},"modified":"2018-10-23T06:45:19","modified_gmt":"2018-10-23T06:45:19","slug":"rumores-y-sordos","status":"publish","type":"post","link":"https:\/\/blogs.elnortedecastilla.es\/hoyempiezatodo\/2018\/10\/23\/rumores-y-sordos\/","title":{"rendered":"Rumores y sordos"},"content":{"rendered":"<p>Caro Diario &#8211; Seminci 2018<\/p>\n<p>\u201cNo puedo ir a las iran\u00edes. Son demasiado largas, no me da tiempo a llegar a la siguiente\u201d, comenta mi vecina de butaca a una amiga, mientras intercambian con rapidez lo que han visto. Al otro lado una pareja consulta un papel arrugado en el que van tachando objetivos cumplidos. \u201cYo me voy a dedicar solo a las portuguesas\u201d, oigo en la cola. Porque hay colas en las taquillas y a la entrada de la sala de un p\u00fablico fiel y confiado, que se ha organizado para entregarse esta semana a proyecciones con las que ni sue\u00f1a ni se preocupa el resto del a\u00f1o.<br \/>\nUn p\u00fablico que casi llena el inmenso teatro Carri\u00f3n un domingo a la sobremesa, en una tarde tibia con viento de las casta\u00f1as, que dicen en el norte astur. Y que circula por las ma\u00f1anas con la revista de la Seminci bajo el brazo, de una sala a otra, en unas jornadas que arrancan a la hora del desayuno para felicidad del sector hostelero. Un p\u00fablico bien tratado y mecido, con unas azafatas -\u00bfno es hora de cambiar esa palabra y el uniforme que visten?- amables y eficaces y unas proyecciones cuidadosamente puntuales.<br \/>\nTan solo un pero para estos d\u00edas mansos de octubre: el sonido del teatro Carri\u00f3n. En los primeros d\u00edas he luchado contra \u2018Tu hijo\u2019, contra la mexicana \u2018Museo\u2019 y especialmente contra la argentina \u2018Paisaje\u2019, en la que si pescabas alguna palabra pertenec\u00eda al lunfardo rioplatense. \u201cEl a\u00f1o pasado ya pele\u00e9 en este mismo cine con otra argentina\u201d, oigo al salir. Los espectadores vamos acusando la edad del t\u00edmpano, por lo que algunas salas comerciales programan el sonido a unos vol\u00famenes del abuelo cebolleta. Pero cuando de la fuente manan palabras cenagosas es in\u00fatil ponerla m\u00e1s alta, como se comprob\u00f3 la otra tarde con la voz ronca de Gael Garc\u00eda Bernal. El problema desaparece en las benditas pel\u00edculas extranjeras armadas de subt\u00edtulos, que se entienden siempre. \u201cYo he seguido la pel\u00edcula por los subt\u00edtulos en ingl\u00e9s\u201d, confesaba a la salida un espectador de \u2018Paisaje\u2019. Y me vino a la memoria aquella pel\u00edcula de Arturo Ripstein, \u2018La perdici\u00f3n de los hombres\u2019, que supl\u00eda su mexicano hablado con subt\u00edtulos en castellano.<\/p>\n","protected":false},"excerpt":{"rendered":"<p>Caro Diario &#8211; Seminci 2018 \u201cNo puedo ir a las iran\u00edes. Son demasiado largas, no me da tiempo a llegar a la siguiente\u201d, comenta mi vecina de butaca a una amiga, mientras intercambian con rapidez lo que han visto. Al otro lado una pareja consulta un papel arrugado en el que van tachando objetivos cumplidos. [&hellip;]<\/p>\n","protected":false},"author":10645,"featured_media":0,"comment_status":"open","ping_status":"open","sticky":false,"template":"","format":"standard","meta":[],"categories":[1],"tags":[],"_links":{"self":[{"href":"https:\/\/blogs.elnortedecastilla.es\/hoyempiezatodo\/wp-json\/wp\/v2\/posts\/507"}],"collection":[{"href":"https:\/\/blogs.elnortedecastilla.es\/hoyempiezatodo\/wp-json\/wp\/v2\/posts"}],"about":[{"href":"https:\/\/blogs.elnortedecastilla.es\/hoyempiezatodo\/wp-json\/wp\/v2\/types\/post"}],"author":[{"embeddable":true,"href":"https:\/\/blogs.elnortedecastilla.es\/hoyempiezatodo\/wp-json\/wp\/v2\/users\/10645"}],"replies":[{"embeddable":true,"href":"https:\/\/blogs.elnortedecastilla.es\/hoyempiezatodo\/wp-json\/wp\/v2\/comments?post=507"}],"version-history":[{"count":1,"href":"https:\/\/blogs.elnortedecastilla.es\/hoyempiezatodo\/wp-json\/wp\/v2\/posts\/507\/revisions"}],"predecessor-version":[{"id":508,"href":"https:\/\/blogs.elnortedecastilla.es\/hoyempiezatodo\/wp-json\/wp\/v2\/posts\/507\/revisions\/508"}],"wp:attachment":[{"href":"https:\/\/blogs.elnortedecastilla.es\/hoyempiezatodo\/wp-json\/wp\/v2\/media?parent=507"}],"wp:term":[{"taxonomy":"category","embeddable":true,"href":"https:\/\/blogs.elnortedecastilla.es\/hoyempiezatodo\/wp-json\/wp\/v2\/categories?post=507"},{"taxonomy":"post_tag","embeddable":true,"href":"https:\/\/blogs.elnortedecastilla.es\/hoyempiezatodo\/wp-json\/wp\/v2\/tags?post=507"}],"curies":[{"name":"wp","href":"https:\/\/api.w.org\/{rel}","templated":true}]}}