{"id":512,"date":"2018-10-24T15:01:03","date_gmt":"2018-10-24T15:01:03","guid":{"rendered":"https:\/\/blogs.elnortedecastilla.es\/hoyempiezatodo\/?p=512"},"modified":"2018-10-24T15:01:03","modified_gmt":"2018-10-24T15:01:03","slug":"los-dedos-del-bailarin","status":"publish","type":"post","link":"https:\/\/blogs.elnortedecastilla.es\/hoyempiezatodo\/2018\/10\/24\/los-dedos-del-bailarin\/","title":{"rendered":"Los dedos del bailar\u00edn"},"content":{"rendered":"<p>Caro Diario &#8211; Seminci 2018<\/p>\n<p>No s\u00e9 cu\u00e1ntas veces habr\u00e1 pasado la obra de Jos\u00e9 Val del Omar por el festival. Una obra reducida, visitable en menos de una hora, y sin embargo de dimensiones colosales, siembra y escalofr\u00edo desde aquel primer encuentro con \u2018Fuego en Castilla\u2019 en la pantalla del Roxy, a principios de los ochenta.<br \/>\nAhora, el Museo Nacional de Escultura ha preparado una peque\u00f1a exposici\u00f3n en El Rinc\u00f3n Rojo sobre este corto de 17 minutos, que se proyecta sin cesar. Qu\u00e9 dif\u00edcil es apartar la vista de sus im\u00e1genes hipn\u00f3ticas, que siempre sorprenden y agarran (despu\u00e9s de tantas visiones me acabo de dar cuenta de que la muerte guitarrera no est\u00e1 grabada en el Museo, sino en la capilla de los Benavente, en Medina de Rioseco).<br \/>\nPero la exposici\u00f3n abre otro foco de luz sobre la pel\u00edcula. En 1957 un periodista, F. Artacho, se acerc\u00f3 al rodaje y tom\u00f3 notas durante varias horas son\u00e1mbulas, pues el equipo trabajaba por la noche, cuando cerraba el Museo. Le acompa\u00f1aba el fot\u00f3grafo Filadelfo Gonz\u00e1lez. El reportaje ocup\u00f3 el titular central del Diario Regional el 30 de marzo, \u201cUn fantasma visita el Museo de Escultura\u201d, sobre un texto que describe los esfuerzos enormes para lograr unos pocos segundos de rodaje. Pero el inter\u00e9s se advierte sobre todo en las fotograf\u00edas, que ahora se han recuperado para la exposici\u00f3n. Filadelfo, que as\u00ed firmaba, intuy\u00f3 que el centro visual de la noche no eran los delicados trabajos de iluminaci\u00f3n de las im\u00e1genes, sino el cuerpo del bailar\u00edn Vicente Escudero. Un cuerpo que no iba a verse en la pel\u00edcula, del que se iba a recoger solo su silueta danzante. Las fotograf\u00edas restituyen el cuerpo que origina la sombra, le a\u00f1ade rostro, figura, gesto, brazos, es decir, la vida que persigue Val del Omar para resucitar a las criaturas de Juan de Juni y Berruguete. Y otra captura genial del fot\u00f3grafo, coherente con la tactilVisi\u00f3n que preconizaba el cineasta: Vicente Escudero acariciando las esculturas, extendiendo sus dedos sobre ellas, dialogando piel con piel. Qu\u00e9 dedos, finos, largos, delicados. Tienen cerca de 70 a\u00f1os, pero parecen reci\u00e9n labrados en nogal por Juan de Juni.<\/p>\n","protected":false},"excerpt":{"rendered":"<p>Caro Diario &#8211; Seminci 2018 No s\u00e9 cu\u00e1ntas veces habr\u00e1 pasado la obra de Jos\u00e9 Val del Omar por el festival. Una obra reducida, visitable en menos de una hora, y sin embargo de dimensiones colosales, siembra y escalofr\u00edo desde aquel primer encuentro con \u2018Fuego en Castilla\u2019 en la pantalla del Roxy, a principios de [&hellip;]<\/p>\n","protected":false},"author":10645,"featured_media":0,"comment_status":"open","ping_status":"open","sticky":false,"template":"","format":"standard","meta":[],"categories":[1],"tags":[],"_links":{"self":[{"href":"https:\/\/blogs.elnortedecastilla.es\/hoyempiezatodo\/wp-json\/wp\/v2\/posts\/512"}],"collection":[{"href":"https:\/\/blogs.elnortedecastilla.es\/hoyempiezatodo\/wp-json\/wp\/v2\/posts"}],"about":[{"href":"https:\/\/blogs.elnortedecastilla.es\/hoyempiezatodo\/wp-json\/wp\/v2\/types\/post"}],"author":[{"embeddable":true,"href":"https:\/\/blogs.elnortedecastilla.es\/hoyempiezatodo\/wp-json\/wp\/v2\/users\/10645"}],"replies":[{"embeddable":true,"href":"https:\/\/blogs.elnortedecastilla.es\/hoyempiezatodo\/wp-json\/wp\/v2\/comments?post=512"}],"version-history":[{"count":1,"href":"https:\/\/blogs.elnortedecastilla.es\/hoyempiezatodo\/wp-json\/wp\/v2\/posts\/512\/revisions"}],"predecessor-version":[{"id":513,"href":"https:\/\/blogs.elnortedecastilla.es\/hoyempiezatodo\/wp-json\/wp\/v2\/posts\/512\/revisions\/513"}],"wp:attachment":[{"href":"https:\/\/blogs.elnortedecastilla.es\/hoyempiezatodo\/wp-json\/wp\/v2\/media?parent=512"}],"wp:term":[{"taxonomy":"category","embeddable":true,"href":"https:\/\/blogs.elnortedecastilla.es\/hoyempiezatodo\/wp-json\/wp\/v2\/categories?post=512"},{"taxonomy":"post_tag","embeddable":true,"href":"https:\/\/blogs.elnortedecastilla.es\/hoyempiezatodo\/wp-json\/wp\/v2\/tags?post=512"}],"curies":[{"name":"wp","href":"https:\/\/api.w.org\/{rel}","templated":true}]}}