{"id":518,"date":"2018-10-25T08:05:03","date_gmt":"2018-10-25T08:05:03","guid":{"rendered":"https:\/\/blogs.elnortedecastilla.es\/hoyempiezatodo\/?p=518"},"modified":"2018-10-25T08:05:03","modified_gmt":"2018-10-25T08:05:03","slug":"que-fue-de-hana-jusic","status":"publish","type":"post","link":"https:\/\/blogs.elnortedecastilla.es\/hoyempiezatodo\/2018\/10\/25\/que-fue-de-hana-jusic\/","title":{"rendered":"\u00bfQu\u00e9 fue de Hana Ju\u0161i\u0107?"},"content":{"rendered":"<p>Caro Diario &#8211; Seminci 2018<\/p>\n<p>Hace dos a\u00f1os en Punto de Encuentro result\u00f3 ganadora la pel\u00edcula Hace dos a\u00f1os en Punto de Encuentro result\u00f3 ganadora la pel\u00edcula \u2018Ne gledaj mi u pijat\u2019 (\u2018Deja de mirar mi plato\u2019), primer largometraje de la croata Hana Ju\u0161i\u0107. Recuerdo adem\u00e1s el buen nivel de un pu\u00f1ado de cintas de esa a\u00f1ada, despu\u00e9s de unos cuantos Punto de Encuentro decepcionantes. Terminaba mi rese\u00f1a de la pel\u00edcula ganadora en este peri\u00f3dico con el deseo de volver a encontr\u00e1rmela. O lo que es casi lo mismo, que accediera a la distribuci\u00f3n en pantalla comercial. Deseo frustrado. Para ella, y para las otras que tambi\u00e9n sobresalieron. Ninguna se estren\u00f3, se esfumaron sin dejar m\u00e1s rastro que el brillo ef\u00edmero en un par de tardes del festival. Al menos la croata se llev\u00f3 los euros del premio.<br \/>\nLo mismo sucedi\u00f3 en 2017, y muy posiblemente se repita en esta edici\u00f3n. Salvo una porci\u00f3n de las que integran la Secci\u00f3n Oficial \u2013la mitad, la tercera parte\u2026- el resto de las pel\u00edculas que compiten desaparecen tras esta semana de oasis. Es cierto que hoy en d\u00eda el estreno en pantalla grande es una parte, a veces \u00ednfima, de la exhibici\u00f3n completa de una pel\u00edcula. Pero sin esta entrada comercial es dif\u00edcil que se consigan las dem\u00e1s. No se comercializa en DVD, no se dobla ni se subtitula, no recorre los canales de Internet, legales o piratas.<br \/>\nAnte ese panorama estrecho, hay directores que van difundiendo su obra a golpe de festival. Con su pel\u00edcula visitan uno, luego otro, arrancan antes o despu\u00e9s alguna menci\u00f3n, ganan prestigio para pedir subvenciones, abren puertas de circuitos alternativos: culturales, muse\u00edsticos, regionales, circuitos que tal vez promuevan alguna edici\u00f3n de su obra. Esos nombres alejados del cine diario los encuentras cuando abres las p\u00e1ginas de una revista especializada que da cuenta del festival de Cannes, o Venecia, o Berl\u00edn, nombres que nunca llegan a tus pantallas provincianas, que no existen para la distribuci\u00f3n comercial en Espa\u00f1a. Y cada vez son m\u00e1s, pues los cines flaquean en la taquilla y no arriesgan. As\u00ed que cuando llega la Seminci, algunos pretender saciar en una semana el hambre de muchas.<br \/>\n\u00bfY qu\u00e9 ser\u00eda de Hana Ju\u0161i\u0107, de su pel\u00edcula?<br \/>\n (\u2018Deja de mirar mi plato\u2019), primer largometraje de la croata Hana Ju\u0161i\u0107. Recuerdo adem\u00e1s el buen nivel de un pu\u00f1ado de cintas de esa a\u00f1ada, despu\u00e9s de unos cuantos Punto de Encuentro decepcionantes. Terminaba mi rese\u00f1a de la pel\u00edcula ganadora en este peri\u00f3dico con el deseo de volver a encontr\u00e1rmela. O lo que es casi lo mismo, que accediera a la distribuci\u00f3n en pantalla comercial. Deseo frustrado. Para ella, y para las otras que tambi\u00e9n sobresalieron. Ninguna se estren\u00f3, se esfumaron sin dejar m\u00e1s rastro que el brillo ef\u00edmero en un par de tardes del festival. Al menos la croata se llev\u00f3 los euros del premio.<br \/>\nLo mismo sucedi\u00f3 en 2017, y muy posiblemente se repita en esta edici\u00f3n. Salvo una porci\u00f3n de las que integran la Secci\u00f3n Oficial \u2013la mitad, la tercera parte\u2026- el resto de las pel\u00edculas que compiten desaparecen tras esta semana de oasis. Es cierto que hoy en d\u00eda el estreno en pantalla grande es una parte, a veces \u00ednfima, de la exhibici\u00f3n completa de una pel\u00edcula. Pero sin esta entrada comercial es dif\u00edcil que se consigan las dem\u00e1s. No se comercializa en DVD, no se dobla ni se subtitula, no recorre los canales de Internet, legales o piratas.<br \/>\nAnte ese panorama estrecho, hay directores que van difundiendo su obra a golpe de festival. Con su pel\u00edcula visitan uno, luego otro, arrancan antes o despu\u00e9s alguna menci\u00f3n, ganan prestigio para pedir subvenciones, abren puertas de circuitos alternativos: culturales, muse\u00edsticos, regionales, circuitos que tal vez promuevan alguna edici\u00f3n de su obra. Esos nombres alejados del cine diario los encuentras cuando abres las p\u00e1ginas de una revista especializada que da cuenta del festival de Cannes, o Venecia, o Berl\u00edn, nombres que nunca llegan a tus pantallas provincianas, que no existen para la distribuci\u00f3n comercial en Espa\u00f1a. Y cada vez son m\u00e1s, pues los cines flaquean en la taquilla y no arriesgan. As\u00ed que cuando llega la Seminci, algunos pretender saciar en una semana el hambre de muchas.<br \/>\n\u00bfY qu\u00e9 ser\u00eda de Hana Ju\u0161i\u0107, de su pel\u00edculaHace dos a\u00f1os en Punto de Encuentro result\u00f3 ganadora la pel\u00edcula \u2018Ne gledaj mi u pijat\u2019 (\u2018Deja de mirar mi plato\u2019), primer largometraje de la croata Hana Ju\u0161i\u0107. Recuerdo adem\u00e1s el buen nivel de un pu\u00f1ado de cintas de esa a\u00f1ada, despu\u00e9s de unos cuantos Punto de Encuentro decepcionantes. Terminaba mi rese\u00f1a de la pel\u00edcula ganadora en este peri\u00f3dico con el deseo de volver a encontr\u00e1rmela. O lo que es casi lo mismo, que accediera a la distribuci\u00f3n en pantalla comercial. Deseo frustrado. Para ella, y para las otras que tambi\u00e9n sobresalieron. Ninguna se estren\u00f3, se esfumaron sin dejar m\u00e1s rastro que el brillo ef\u00edmero en un par de tardes del festival. Al menos la croata se llev\u00f3 los euros del premio.<br \/>\nLo mismo sucedi\u00f3 en 2017, y muy posiblemente se repita en esta edici\u00f3n. Salvo una porci\u00f3n de las que integran la Secci\u00f3n Oficial \u2013la mitad, la tercera parte\u2026- el resto de las pel\u00edculas que compiten desaparecen tras esta semana de oasis. Es cierto que hoy en d\u00eda el estreno en pantalla grande es una parte, a veces \u00ednfima, de la exhibici\u00f3n completa de una pel\u00edcula. Pero sin esta entrada comercial es dif\u00edcil que se consigan las dem\u00e1s. No se comercializa en DVD, no se dobla ni se subtitula, no recorre los canales de Internet, legales o piratas.<br \/>\nAnte ese panorama estrecho, hay directores que van difundiendo su obra a golpe de festival. Con su pel\u00edcula visitan uno, luego otro, arrancan antes o despu\u00e9s alguna menci\u00f3n, ganan prestigio para pedir subvenciones, abren puertas de circuitos alternativos: culturales, muse\u00edsticos, regionales, circuitos que tal vez promuevan alguna edici\u00f3n de su obra. Esos nombres alejados del cine diario los encuentras cuando abres las p\u00e1ginas de una revista especializada que da cuenta del festival de Cannes, o Venecia, o Berl\u00edn, nombres que nunca llegan a tus pantallas provincianas, que no existen para la distribuci\u00f3n comercial en Espa\u00f1a. Y cada vez son m\u00e1s, pues los cines flaquean en la taquilla y no arriesgan. As\u00ed que cuando llega la Seminci, algunos pretender saciar en una semana el hambre de muchas.<br \/>\n\u00bfY qu\u00e9 ser\u00eda de Hana Ju\u0161i\u0107, de su \u2018Ne gledaj mi u pijat\u2019?<\/p>\n","protected":false},"excerpt":{"rendered":"<p>Caro Diario &#8211; Seminci 2018 Hace dos a\u00f1os en Punto de Encuentro result\u00f3 ganadora la pel\u00edcula Hace dos a\u00f1os en Punto de Encuentro result\u00f3 ganadora la pel\u00edcula \u2018Ne gledaj mi u pijat\u2019 (\u2018Deja de mirar mi plato\u2019), primer largometraje de la croata Hana Ju\u0161i\u0107. Recuerdo adem\u00e1s el buen nivel de un pu\u00f1ado de cintas de [&hellip;]<\/p>\n","protected":false},"author":10645,"featured_media":0,"comment_status":"open","ping_status":"open","sticky":false,"template":"","format":"standard","meta":[],"categories":[1],"tags":[],"_links":{"self":[{"href":"https:\/\/blogs.elnortedecastilla.es\/hoyempiezatodo\/wp-json\/wp\/v2\/posts\/518"}],"collection":[{"href":"https:\/\/blogs.elnortedecastilla.es\/hoyempiezatodo\/wp-json\/wp\/v2\/posts"}],"about":[{"href":"https:\/\/blogs.elnortedecastilla.es\/hoyempiezatodo\/wp-json\/wp\/v2\/types\/post"}],"author":[{"embeddable":true,"href":"https:\/\/blogs.elnortedecastilla.es\/hoyempiezatodo\/wp-json\/wp\/v2\/users\/10645"}],"replies":[{"embeddable":true,"href":"https:\/\/blogs.elnortedecastilla.es\/hoyempiezatodo\/wp-json\/wp\/v2\/comments?post=518"}],"version-history":[{"count":1,"href":"https:\/\/blogs.elnortedecastilla.es\/hoyempiezatodo\/wp-json\/wp\/v2\/posts\/518\/revisions"}],"predecessor-version":[{"id":519,"href":"https:\/\/blogs.elnortedecastilla.es\/hoyempiezatodo\/wp-json\/wp\/v2\/posts\/518\/revisions\/519"}],"wp:attachment":[{"href":"https:\/\/blogs.elnortedecastilla.es\/hoyempiezatodo\/wp-json\/wp\/v2\/media?parent=518"}],"wp:term":[{"taxonomy":"category","embeddable":true,"href":"https:\/\/blogs.elnortedecastilla.es\/hoyempiezatodo\/wp-json\/wp\/v2\/categories?post=518"},{"taxonomy":"post_tag","embeddable":true,"href":"https:\/\/blogs.elnortedecastilla.es\/hoyempiezatodo\/wp-json\/wp\/v2\/tags?post=518"}],"curies":[{"name":"wp","href":"https:\/\/api.w.org\/{rel}","templated":true}]}}