{"id":534,"date":"2018-10-26T09:24:10","date_gmt":"2018-10-26T09:24:10","guid":{"rendered":"https:\/\/blogs.elnortedecastilla.es\/hoyempiezatodo\/?p=534"},"modified":"2018-10-26T09:24:10","modified_gmt":"2018-10-26T09:24:10","slug":"baltasar-y-marcelino","status":"publish","type":"post","link":"https:\/\/blogs.elnortedecastilla.es\/hoyempiezatodo\/2018\/10\/26\/baltasar-y-marcelino\/","title":{"rendered":"Baltasar y Marcelino"},"content":{"rendered":"<p>Caro Diario &#8211; Seminci 2018<\/p>\n<p>Coinciden en DOC. Espa\u00f1a dos documentales sobre sendas figuras de la reciente historia, con bastantes nexos comunes aunque distinta proyecci\u00f3n p\u00fablica: Baltasar Lobo, observado por el periodista Agust\u00edn Remesal en \u2018Baltasar Lobo, la soledad del escultor\u2019. Y Marcelino Camacho, evocado en \u2018Lo posible y lo necesario\u2019 por Adolfo Dufour, documentalista asiduo de la Seminci y repetidamente premiado en Tiempo de Historia.<br \/>\nAmbos nacieron en tierras de Castilla y Le\u00f3n, en peque\u00f1os pueblos, hoy todav\u00eda m\u00e1s diminutos. El escultor, en Cerecinos de Campos, provincia de Zamora. Y el sindicalista en La Rasa, en las cercan\u00edas de Burgo de Osma, por tierras de Soria. Las pel\u00edculas retornan a esos lugares. El dron de Agust\u00edn Remesal surca el horizonte terracampino con sus vuelos fascinantes. Y la peque\u00f1a estaci\u00f3n ferroviaria de La Rasa vuelve a ser iluminada por la luz de un candil. Los dos protagonistas, separados por solo ocho a\u00f1os, atravesaron las feroces d\u00e9cadas del comienzo del XX. Baltasar, cercano a las ideas anarquistas, y Marcelino a las comunistas. Y tras la guerra, el exilio. Baltasar lleg\u00f3 a Par\u00eds casi por azar, tras huir de Espa\u00f1a por los Pirineos. Y Marcelino, condenado a trabajos forzados en el norte de \u00c1frica, logr\u00f3 escapar a Or\u00e1n, en Argelia, donde vivi\u00f3 exiliado durante trece a\u00f1os.<br \/>\nLuego la vida les llev\u00f3 por derroteros bien distintos. Baltasar Lobo se refugi\u00f3 en su trabajo con entrega austera, despreocupado de la fama y del \u00e9xito, y as\u00ed lo va cincelando, como una escultura suya, el trabajo de Remesal. Es emocionante contemplarle y o\u00edrle en la \u00fanica imagen con movimiento que se conserva de \u00e9l. Marcelino volvi\u00f3 a Espa\u00f1a y se fue erigiendo en una figura p\u00fablica. Las represiones laborales del franquismo cerraron otras salidas, no era posible salvar la dignidad sin lucha. Adolfo Dufour le observa en sus agitados a\u00f1os finales, en su encaje dif\u00edcil en la pol\u00edtica, en cierta soledad \u00faltima.<br \/>\nY otro nexo, este art\u00edstico: ambos directores reconstruyen con actores pasajes de la vida de sus protagonistas. Un riesgo m\u00e1s para un acercamiento indispensable a esas figuras.  <\/p>\n","protected":false},"excerpt":{"rendered":"<p>Caro Diario &#8211; Seminci 2018 Coinciden en DOC. Espa\u00f1a dos documentales sobre sendas figuras de la reciente historia, con bastantes nexos comunes aunque distinta proyecci\u00f3n p\u00fablica: Baltasar Lobo, observado por el periodista Agust\u00edn Remesal en \u2018Baltasar Lobo, la soledad del escultor\u2019. Y Marcelino Camacho, evocado en \u2018Lo posible y lo necesario\u2019 por Adolfo Dufour, documentalista [&hellip;]<\/p>\n","protected":false},"author":10645,"featured_media":0,"comment_status":"open","ping_status":"open","sticky":false,"template":"","format":"standard","meta":[],"categories":[1],"tags":[],"_links":{"self":[{"href":"https:\/\/blogs.elnortedecastilla.es\/hoyempiezatodo\/wp-json\/wp\/v2\/posts\/534"}],"collection":[{"href":"https:\/\/blogs.elnortedecastilla.es\/hoyempiezatodo\/wp-json\/wp\/v2\/posts"}],"about":[{"href":"https:\/\/blogs.elnortedecastilla.es\/hoyempiezatodo\/wp-json\/wp\/v2\/types\/post"}],"author":[{"embeddable":true,"href":"https:\/\/blogs.elnortedecastilla.es\/hoyempiezatodo\/wp-json\/wp\/v2\/users\/10645"}],"replies":[{"embeddable":true,"href":"https:\/\/blogs.elnortedecastilla.es\/hoyempiezatodo\/wp-json\/wp\/v2\/comments?post=534"}],"version-history":[{"count":1,"href":"https:\/\/blogs.elnortedecastilla.es\/hoyempiezatodo\/wp-json\/wp\/v2\/posts\/534\/revisions"}],"predecessor-version":[{"id":535,"href":"https:\/\/blogs.elnortedecastilla.es\/hoyempiezatodo\/wp-json\/wp\/v2\/posts\/534\/revisions\/535"}],"wp:attachment":[{"href":"https:\/\/blogs.elnortedecastilla.es\/hoyempiezatodo\/wp-json\/wp\/v2\/media?parent=534"}],"wp:term":[{"taxonomy":"category","embeddable":true,"href":"https:\/\/blogs.elnortedecastilla.es\/hoyempiezatodo\/wp-json\/wp\/v2\/categories?post=534"},{"taxonomy":"post_tag","embeddable":true,"href":"https:\/\/blogs.elnortedecastilla.es\/hoyempiezatodo\/wp-json\/wp\/v2\/tags?post=534"}],"curies":[{"name":"wp","href":"https:\/\/api.w.org\/{rel}","templated":true}]}}