{"id":546,"date":"2018-10-28T07:48:09","date_gmt":"2018-10-28T07:48:09","guid":{"rendered":"https:\/\/blogs.elnortedecastilla.es\/hoyempiezatodo\/?p=546"},"modified":"2018-10-28T07:48:09","modified_gmt":"2018-10-28T07:48:09","slug":"caminos-hacia-dentro","status":"publish","type":"post","link":"https:\/\/blogs.elnortedecastilla.es\/hoyempiezatodo\/2018\/10\/28\/caminos-hacia-dentro\/","title":{"rendered":"Caminos hacia dentro"},"content":{"rendered":"<p>Punto de Encuentro &#8211; Seminci 2018<\/p>\n<p>El plano inicial de \u201cThe return\u201d nos muestra a la protagonista, Karoline, adentr\u00e1ndose en un terreno pantanoso, hundi\u00e9ndose cada vez m\u00e1s sin apenas avanzar. Es una premonici\u00f3n, o un fragmento on\u00edrico sobre lo que le espera, como los fogonazos que salpican con un montaje rapid\u00edsimo las escenas iniciales. Calles, edificios, un gato, paisajes, una especie de \u00e1lbum fotogr\u00e1fico extra\u00eddo del fondo de sus deseos, o de las im\u00e1genes del subconsciente. El plano final volver\u00e1 a la misma ci\u00e9naga de la que no parece poder salir la protagonista.<br \/>\n<a href=\"https:\/\/static-blogs.elnortedecastilla.es\/wp-content\/uploads\/sites\/131\/2018\/10\/The-return.jpg\"><img loading=\"lazy\" src=\"https:\/\/static-blogs.elnortedecastilla.es\/wp-content\/uploads\/sites\/131\/2018\/10\/The-return-158x300.jpg\" alt=\"the-return\" width=\"158\" height=\"300\" class=\"alignnone size-medium wp-image-547\" srcset=\"https:\/\/static-blogs.elnortedecastilla.es\/wp-content\/uploads\/sites\/131\/2018\/10\/The-return-158x300.jpg 158w, https:\/\/static-blogs.elnortedecastilla.es\/wp-content\/uploads\/sites\/131\/2018\/10\/The-return.jpg 163w\" sizes=\"(max-width: 158px) 100vw, 158px\" \/><\/a><br \/>\nTal vez esas im\u00e1genes se asocien a lo vivido en sus primeros meses o a\u00f1os de existencia (en Corea el tiempo de permanencia en el vientre materno entra en el c\u00f3mputo de la edad). En busca de las huellas de ese tiempo Karoline, danesa por adopci\u00f3n, viaja a Corea del Sur  para localizar a sus padres biol\u00f3gicos, saber de su lugar de nacimiento, entra\u00f1arse de alguna manera. En Corea descubre que hay m\u00e1s personas en esa situaci\u00f3n de b\u00fasqueda, incluso cuenta con la ayuda inicial de una agencia estatal.<br \/>\nLa directora danesa Malene Choi Jensen construye la pel\u00edcula desde su propia experiencia de beb\u00e9 adoptado. Y, muy acertadamente, rehuye la cr\u00f3nica directa de la averiguaci\u00f3n, y la dirige a la reflexi\u00f3n, la abre a lo po\u00e9tico y antropol\u00f3gico. Volver a un momento de la existencia del que no hay consciencia, encontrarte con una madre que no pudo serlo, rodearte de un pa\u00eds de cultura radicalmente distinta al que te cri\u00f3\u2026, y sin embargo tener rasgos coreanos que te martirizaron en el pa\u00eds de adopci\u00f3n, saber que de all\u00ed proceden tus genes y tu sangre\u2026 Un cruce terrible de circunstancias que la directora envuelve en fragmentos dis\u00edmiles, con una c\u00e1mara que no es transparente y un montaje que siembra met\u00e1foras visuales sobre una m\u00fasica que martillea. Algunas secuencias tienen aire documental, de personas que cuentan su propia b\u00fasqueda. Pero la verdad y la conmoci\u00f3n, que se agazapan en el interior de las vidas, afloran sin sentimentalismos ni aspavientos in\u00fatiles gracias a la sabia elecci\u00f3n de los recursos cinematogr\u00e1ficos. C\u00f3mo olvidar el plano fijo de largos minutos en torno a una comida en la que una madre se encuentra con el hijo que dio en adopci\u00f3n nada m\u00e1s nacer. Toda la tensi\u00f3n, toda la emoci\u00f3n en un plano testarudo y asfixiante. Gran pel\u00edcula.<br \/>\n\u2018Me llamo Gennet\u2019, la participaci\u00f3n espa\u00f1ola fuera de concurso dirigida por Miguel \u00c1ngel Tob\u00edas, nada tiene que ver con la anterior, salvo en la ra\u00edz biogr\u00e1fica de la que parte. \u201cBasada en hechos reales\u201d, proclama nada m\u00e1s arrancar. Unos hechos ciertamente excepcionales: una chica et\u00edope sordociega, adoptada por una mujer espa\u00f1ola, se convierte en la primera persona en Europa con esa discapacidad que logra un t\u00edtulo universitario. Es ella la que se hace cargo de la interpretaci\u00f3n del personaje, pues la obra adopta el cauce ficcional, con actores conocidos en los papeles de madre, abuela, profesor. Miguel \u00c1ngel Tob\u00edas elige una mirada externa sobre Gennet, aunque no dejan de llegarnos sus dificultades de expresi\u00f3n y comunicaci\u00f3n, pero sin entrar en honduras interiores. Una m\u00fasica casi constante envuelve la cuidada fotograf\u00eda, incluso en momentos en que el silencio se impone a sus compa\u00f1eros de clase. Una est\u00e9tica convencional al servicio de los fines que declara el director: \u201cDar visibilidad a las barreras con las que se encuentran las personas sordociegas, ayudando a generar conciencia social y a encontrar apoyo para que tengan una vida m\u00e1s f\u00e1cil y digna\u201d.<\/p>\n","protected":false},"excerpt":{"rendered":"<p>Punto de Encuentro &#8211; Seminci 2018 El plano inicial de \u201cThe return\u201d nos muestra a la protagonista, Karoline, adentr\u00e1ndose en un terreno pantanoso, hundi\u00e9ndose cada vez m\u00e1s sin apenas avanzar. Es una premonici\u00f3n, o un fragmento on\u00edrico sobre lo que le espera, como los fogonazos que salpican con un montaje rapid\u00edsimo las escenas iniciales. Calles, [&hellip;]<\/p>\n","protected":false},"author":10645,"featured_media":0,"comment_status":"open","ping_status":"open","sticky":false,"template":"","format":"standard","meta":[],"categories":[1],"tags":[145,147,146],"_links":{"self":[{"href":"https:\/\/blogs.elnortedecastilla.es\/hoyempiezatodo\/wp-json\/wp\/v2\/posts\/546"}],"collection":[{"href":"https:\/\/blogs.elnortedecastilla.es\/hoyempiezatodo\/wp-json\/wp\/v2\/posts"}],"about":[{"href":"https:\/\/blogs.elnortedecastilla.es\/hoyempiezatodo\/wp-json\/wp\/v2\/types\/post"}],"author":[{"embeddable":true,"href":"https:\/\/blogs.elnortedecastilla.es\/hoyempiezatodo\/wp-json\/wp\/v2\/users\/10645"}],"replies":[{"embeddable":true,"href":"https:\/\/blogs.elnortedecastilla.es\/hoyempiezatodo\/wp-json\/wp\/v2\/comments?post=546"}],"version-history":[{"count":2,"href":"https:\/\/blogs.elnortedecastilla.es\/hoyempiezatodo\/wp-json\/wp\/v2\/posts\/546\/revisions"}],"predecessor-version":[{"id":549,"href":"https:\/\/blogs.elnortedecastilla.es\/hoyempiezatodo\/wp-json\/wp\/v2\/posts\/546\/revisions\/549"}],"wp:attachment":[{"href":"https:\/\/blogs.elnortedecastilla.es\/hoyempiezatodo\/wp-json\/wp\/v2\/media?parent=546"}],"wp:term":[{"taxonomy":"category","embeddable":true,"href":"https:\/\/blogs.elnortedecastilla.es\/hoyempiezatodo\/wp-json\/wp\/v2\/categories?post=546"},{"taxonomy":"post_tag","embeddable":true,"href":"https:\/\/blogs.elnortedecastilla.es\/hoyempiezatodo\/wp-json\/wp\/v2\/tags?post=546"}],"curies":[{"name":"wp","href":"https:\/\/api.w.org\/{rel}","templated":true}]}}