{"id":672,"date":"2020-10-25T11:52:25","date_gmt":"2020-10-25T11:52:25","guid":{"rendered":"https:\/\/blogs.elnortedecastilla.es\/hoyempiezatodo\/?p=672"},"modified":"2020-10-25T11:52:25","modified_gmt":"2020-10-25T11:52:25","slug":"rifkins-seminci","status":"publish","type":"post","link":"https:\/\/blogs.elnortedecastilla.es\/hoyempiezatodo\/2020\/10\/25\/rifkins-seminci\/","title":{"rendered":"Rifkin&#8217;s Seminci"},"content":{"rendered":"<p><strong>Seminci. Caro Diario<\/strong><\/p>\n<p>Woody Allen escogi\u00f3 como escenario a San Sebasti\u00e1n para su \u00faltima pel\u00edcula, \u2018Rifkin\u2019s Festival\u2019, y meti\u00f3 a los protagonistas en su certamen de cine. Productores, directores, cr\u00edticos, gente de paso que se entretiene por la ciudad y da pie al director de fotograf\u00eda, el veterano Vittorio Storaro, a dejar im\u00e1genes que mezclan belleza y postal, descubrimiento y clich\u00e9. En cualquier caso, im\u00e1genes que valen m\u00e1s que cien campa\u00f1as tur\u00edsticas del Gobierno Vasco, como ya se demostr\u00f3 en Barcelona o en Oviedo, otras ciudades afortunadas con la loter\u00eda de Allen. En este comienzo de la Seminci no deja de asaltarme la idea de qu\u00e9 habr\u00eda hecho el gran Woody con nuestra ciudad, en la que la lluvia que tanto le gusta escasea y el hotel Olid no es el Mar\u00eda Cristina. Y la Seminci\u2026 \u201cLos festivales de cine ya no son lo que eran\u201d, declara su protagonista nada m\u00e1s empezar la proyecci\u00f3n, mientras la c\u00e1mara sigue a una mujer muy escotada y generosa en curvas que oye complacida la propuesta para que interprete a Hannah Arendt.<\/p>\n<p>Pero no es en esa capa superficial de paisaje tur\u00edstico y festivalero donde la pel\u00edcula edifica su inter\u00e9s, sino en algo mucho m\u00e1s profundo que est\u00e1 en el coraz\u00f3n de las proyecciones del festival, y en todo el universo cinematogr\u00e1fico. Mort Rifkin, un escritor asediado por preguntas y angustias que a todos los mortales competen, cuenta a su psicoanalista c\u00f3mo combati\u00f3 sus zozobras en el festival: en momentos de tensi\u00f3n o desconcierto la memoria cin\u00e9fila le suministr\u00f3 im\u00e1genes que envolv\u00edan el eco de sus angustias. Un tratamiento con fragmentos de narraciones, a la manera de la vieja catarsis de los griegos, o tal vez como el brazo amoroso sobre el hombro de los infelices que lanzaba el \u00e1ngel de Wim Wenders. Si la muerte nos acosa, recordemos el duelo de ajedrez con ella en \u2018El s\u00e9ptimo sello\u2019, y d\u00e9mosle una vuelta con el verbo incontenible de Christoph Waltz. O si se extinguieron los d\u00edas juveniles de noviazgos desgraciados, vayamos a pasear en bicicleta por \u2018Jules et Jim\u2019. Medicinas para el esp\u00edritu que esta semana volveremos a tomar en grandes dosis, sin que sepamos de su alcance. \u00bfY su significado? Gran pregunta, que deja mudo al psicoanalista de Rifkin.<\/p>\n","protected":false},"excerpt":{"rendered":"<p>Seminci. Caro Diario Woody Allen escogi\u00f3 como escenario a San Sebasti\u00e1n para su \u00faltima pel\u00edcula, \u2018Rifkin\u2019s Festival\u2019, y meti\u00f3 a los protagonistas en su certamen de cine. Productores, directores, cr\u00edticos, gente de paso que se entretiene por la ciudad y da pie al director de fotograf\u00eda, el veterano Vittorio Storaro, a dejar im\u00e1genes que mezclan [&hellip;]<\/p>\n","protected":false},"author":10645,"featured_media":0,"comment_status":"open","ping_status":"open","sticky":false,"template":"","format":"standard","meta":[],"categories":[1],"tags":[],"_links":{"self":[{"href":"https:\/\/blogs.elnortedecastilla.es\/hoyempiezatodo\/wp-json\/wp\/v2\/posts\/672"}],"collection":[{"href":"https:\/\/blogs.elnortedecastilla.es\/hoyempiezatodo\/wp-json\/wp\/v2\/posts"}],"about":[{"href":"https:\/\/blogs.elnortedecastilla.es\/hoyempiezatodo\/wp-json\/wp\/v2\/types\/post"}],"author":[{"embeddable":true,"href":"https:\/\/blogs.elnortedecastilla.es\/hoyempiezatodo\/wp-json\/wp\/v2\/users\/10645"}],"replies":[{"embeddable":true,"href":"https:\/\/blogs.elnortedecastilla.es\/hoyempiezatodo\/wp-json\/wp\/v2\/comments?post=672"}],"version-history":[{"count":1,"href":"https:\/\/blogs.elnortedecastilla.es\/hoyempiezatodo\/wp-json\/wp\/v2\/posts\/672\/revisions"}],"predecessor-version":[{"id":673,"href":"https:\/\/blogs.elnortedecastilla.es\/hoyempiezatodo\/wp-json\/wp\/v2\/posts\/672\/revisions\/673"}],"wp:attachment":[{"href":"https:\/\/blogs.elnortedecastilla.es\/hoyempiezatodo\/wp-json\/wp\/v2\/media?parent=672"}],"wp:term":[{"taxonomy":"category","embeddable":true,"href":"https:\/\/blogs.elnortedecastilla.es\/hoyempiezatodo\/wp-json\/wp\/v2\/categories?post=672"},{"taxonomy":"post_tag","embeddable":true,"href":"https:\/\/blogs.elnortedecastilla.es\/hoyempiezatodo\/wp-json\/wp\/v2\/tags?post=672"}],"curies":[{"name":"wp","href":"https:\/\/api.w.org\/{rel}","templated":true}]}}