{"id":806,"date":"2022-10-25T06:15:58","date_gmt":"2022-10-25T06:15:58","guid":{"rendered":"https:\/\/blogs.elnortedecastilla.es\/hoyempiezatodo\/?p=806"},"modified":"2022-10-25T06:15:58","modified_gmt":"2022-10-25T06:15:58","slug":"recuerdalo-tu","status":"publish","type":"post","link":"https:\/\/blogs.elnortedecastilla.es\/hoyempiezatodo\/2022\/10\/25\/recuerdalo-tu\/","title":{"rendered":"Recu\u00e9rdalo t\u00fa"},"content":{"rendered":"<p>Seminci. Caro Diario.<\/p>\n<p>Es un rinc\u00f3n extra\u00f1o, uno m\u00e1s en esta Seminci plural e inabarcable. Lleva un t\u00edtulo descomprometido, \u201cProyecciones especiales\u201d y en \u00e9l se acogen documentales sobre Gandhi, Tequila, Ian Gibson, Jeanette, Remedios Varo, Val del Omar\u2026, m\u00e1s algunas investigaciones art\u00edsticas. Ay, si tuviera tiempo, la coletilla que salta siempre en estos d\u00edas de tentaciones sin medida.<\/p>\n<p>S\u00ed tuve tiempo, y fortuna, para ver con antelaci\u00f3n una de ellas: \u201cLuis Cernuda, el habitante del olvido\u201d. Adolfo Dufour, un viejo c\u00f3mplice del festival con premios en Tiempo de Historia, se ha metido hasta las cejas en la vida y la obra de este poeta al que fulmin\u00f3 el mismo rayo que a los de toda su generaci\u00f3n, la m\u00e1s importante de la historia literaria de este pa\u00eds. Basta con mirar esas fotograf\u00edas del grupo en Sevilla en 1927, reunido en torno al centenario de G\u00f3ngora: Rafael Alberti, Jorge Guill\u00e9n, Federico Garc\u00eda Lorca, Vicente Aleixandre, D\u00e1maso Alonso&#8230;, m\u00e1s un Luis Cernuda reci\u00e9n llegado, el m\u00e1s elegante de todos. Y luego la Rep\u00fablica, la guerra, la derrota, la di\u00e1spora. Qu\u00e9 a\u00f1os m\u00e1s desgarradores.<\/p>\n<p>\u201cUn d\u00eda t\u00fa, ya libre\/ De la mentira de ellos,\/ Me buscar\u00e1s\u201d. Son los versos finales de \u201cUn espa\u00f1ol habla de su tierra\u201d, escritos en los primeros a\u00f1os de su exilio sin retorno. La pel\u00edcula es fiel al mandato del poeta, \u201cMe buscar\u00e1s\u201d: le busca y le encuentra en sus versos y en sus complejas vivencias. A m\u00ed me agarr\u00f3 tan fuerte por el cuello y el coraz\u00f3n que al acabar la proyecci\u00f3n baj\u00e9 de mis estantes los libros del poeta, el cat\u00e1logo de aquella exposici\u00f3n en la Residencia de Estudiantes en 2002, todo lo que me acercase a Luis Cernuda. Y musit\u00e9 una vez m\u00e1s su \u201c1936\u201d, que se abre con aquel \u201cRecu\u00e9rdalo t\u00fa y recu\u00e9rdalo a otros\u201d.<\/p>\n","protected":false},"excerpt":{"rendered":"<p>Seminci. Caro Diario. Es un rinc\u00f3n extra\u00f1o, uno m\u00e1s en esta Seminci plural e inabarcable. Lleva un t\u00edtulo descomprometido, \u201cProyecciones especiales\u201d y en \u00e9l se acogen documentales sobre Gandhi, Tequila, Ian Gibson, Jeanette, Remedios Varo, Val del Omar\u2026, m\u00e1s algunas investigaciones art\u00edsticas. Ay, si tuviera tiempo, la coletilla que salta siempre en estos d\u00edas de [&hellip;]<\/p>\n","protected":false},"author":10645,"featured_media":0,"comment_status":"open","ping_status":"open","sticky":false,"template":"","format":"standard","meta":[],"categories":[1],"tags":[],"_links":{"self":[{"href":"https:\/\/blogs.elnortedecastilla.es\/hoyempiezatodo\/wp-json\/wp\/v2\/posts\/806"}],"collection":[{"href":"https:\/\/blogs.elnortedecastilla.es\/hoyempiezatodo\/wp-json\/wp\/v2\/posts"}],"about":[{"href":"https:\/\/blogs.elnortedecastilla.es\/hoyempiezatodo\/wp-json\/wp\/v2\/types\/post"}],"author":[{"embeddable":true,"href":"https:\/\/blogs.elnortedecastilla.es\/hoyempiezatodo\/wp-json\/wp\/v2\/users\/10645"}],"replies":[{"embeddable":true,"href":"https:\/\/blogs.elnortedecastilla.es\/hoyempiezatodo\/wp-json\/wp\/v2\/comments?post=806"}],"version-history":[{"count":1,"href":"https:\/\/blogs.elnortedecastilla.es\/hoyempiezatodo\/wp-json\/wp\/v2\/posts\/806\/revisions"}],"predecessor-version":[{"id":807,"href":"https:\/\/blogs.elnortedecastilla.es\/hoyempiezatodo\/wp-json\/wp\/v2\/posts\/806\/revisions\/807"}],"wp:attachment":[{"href":"https:\/\/blogs.elnortedecastilla.es\/hoyempiezatodo\/wp-json\/wp\/v2\/media?parent=806"}],"wp:term":[{"taxonomy":"category","embeddable":true,"href":"https:\/\/blogs.elnortedecastilla.es\/hoyempiezatodo\/wp-json\/wp\/v2\/categories?post=806"},{"taxonomy":"post_tag","embeddable":true,"href":"https:\/\/blogs.elnortedecastilla.es\/hoyempiezatodo\/wp-json\/wp\/v2\/tags?post=806"}],"curies":[{"name":"wp","href":"https:\/\/api.w.org\/{rel}","templated":true}]}}