{"id":818,"date":"2022-10-29T07:56:47","date_gmt":"2022-10-29T07:56:47","guid":{"rendered":"https:\/\/blogs.elnortedecastilla.es\/hoyempiezatodo\/?p=818"},"modified":"2022-10-29T07:56:47","modified_gmt":"2022-10-29T07:56:47","slug":"entradas-y-taquillas","status":"publish","type":"post","link":"https:\/\/blogs.elnortedecastilla.es\/hoyempiezatodo\/2022\/10\/29\/entradas-y-taquillas\/","title":{"rendered":"Entradas y taquillas"},"content":{"rendered":"<p><strong>Seminci. Caro Diario.<\/strong><\/p>\n<p>A mi lado, en la puerta del teatro Zorrilla, un se\u00f1or trata de preguntar al portero por las entradas para la proyecci\u00f3n. No es un di\u00e1logo f\u00e1cil, pues mi localidad hay que identificarla con esos aparatos que leen el c\u00f3digo QR, y a veces tarda. Pero al fin llega la respuesta del portero, un tanto acelerada: \u201cAqu\u00ed no se venden entradas, la taquilla es para otras cosas. Vaya al Calder\u00f3n y pregunte\u201d. Faltan diez minutos para la proyecci\u00f3n, y l\u00f3gicamente el se\u00f1or desiste. En la sala me encuentro con muchas butacas vac\u00edas.<\/p>\n<p>Cines y teatros sin taquilla, con la agradable excepci\u00f3n de los Broadway. Con muchos porteros y acomodadores, pero sin taquilleros. El uso de Internet para la reserva es casi obligado. Y eso plantea varias cuestiones de, ejem, trascendencia moral (otro d\u00eda que me elevo). En mi generaci\u00f3n, bien sobrada de a\u00f1os, m\u00e1s de uno no ha entrado en la vida digital. Se quedan fuera del festival, sin apenas remedio. Mira que echo en falta en la Seminci a tantos amigos que andan viendo cine por la otra orilla. Pero que alguno de los que me quedan por aqu\u00ed se les excluya por la dichosa brecha digital me duele y me repatea.<\/p>\n<p>Me cuenta una amiga, muy ducha en el manejo del m\u00f3vil, otra variante del fracaso: reserv\u00f3 una entrada con su m\u00f3vil unos minutos antes de la proyecci\u00f3n, pero no le lleg\u00f3 a su aparato de forma inmediata, y cuando la tuvo ya hab\u00eda comenzado la pel\u00edcula. Se quejaba hace unos d\u00edas un lector en El Pa\u00eds de que para cenar o ir a un concierto hay que reservar con semanas de antelaci\u00f3n. Qu\u00e9 agobio. \u00bfY el placer de meterse en un cine sin pensarlo dos veces? \u00bfNo hab\u00edamos ganado en la era digital en rapidez, en libertad? Por favor, entradas en los cines, taquilleros y carpe diem.<\/p>\n","protected":false},"excerpt":{"rendered":"<p>Seminci. Caro Diario. A mi lado, en la puerta del teatro Zorrilla, un se\u00f1or trata de preguntar al portero por las entradas para la proyecci\u00f3n. No es un di\u00e1logo f\u00e1cil, pues mi localidad hay que identificarla con esos aparatos que leen el c\u00f3digo QR, y a veces tarda. Pero al fin llega la respuesta del [&hellip;]<\/p>\n","protected":false},"author":10645,"featured_media":0,"comment_status":"open","ping_status":"open","sticky":false,"template":"","format":"standard","meta":[],"categories":[1],"tags":[],"_links":{"self":[{"href":"https:\/\/blogs.elnortedecastilla.es\/hoyempiezatodo\/wp-json\/wp\/v2\/posts\/818"}],"collection":[{"href":"https:\/\/blogs.elnortedecastilla.es\/hoyempiezatodo\/wp-json\/wp\/v2\/posts"}],"about":[{"href":"https:\/\/blogs.elnortedecastilla.es\/hoyempiezatodo\/wp-json\/wp\/v2\/types\/post"}],"author":[{"embeddable":true,"href":"https:\/\/blogs.elnortedecastilla.es\/hoyempiezatodo\/wp-json\/wp\/v2\/users\/10645"}],"replies":[{"embeddable":true,"href":"https:\/\/blogs.elnortedecastilla.es\/hoyempiezatodo\/wp-json\/wp\/v2\/comments?post=818"}],"version-history":[{"count":1,"href":"https:\/\/blogs.elnortedecastilla.es\/hoyempiezatodo\/wp-json\/wp\/v2\/posts\/818\/revisions"}],"predecessor-version":[{"id":819,"href":"https:\/\/blogs.elnortedecastilla.es\/hoyempiezatodo\/wp-json\/wp\/v2\/posts\/818\/revisions\/819"}],"wp:attachment":[{"href":"https:\/\/blogs.elnortedecastilla.es\/hoyempiezatodo\/wp-json\/wp\/v2\/media?parent=818"}],"wp:term":[{"taxonomy":"category","embeddable":true,"href":"https:\/\/blogs.elnortedecastilla.es\/hoyempiezatodo\/wp-json\/wp\/v2\/categories?post=818"},{"taxonomy":"post_tag","embeddable":true,"href":"https:\/\/blogs.elnortedecastilla.es\/hoyempiezatodo\/wp-json\/wp\/v2\/tags?post=818"}],"curies":[{"name":"wp","href":"https:\/\/api.w.org\/{rel}","templated":true}]}}