{"id":12,"date":"2009-10-24T08:38:00","date_gmt":"2009-10-24T08:38:00","guid":{"rendered":"http:\/\/blogs.elnortedecastilla.es\/jorge-praga\/?p=12"},"modified":"2009-10-24T08:38:00","modified_gmt":"2009-10-24T08:38:00","slug":"verde-peppermint","status":"publish","type":"post","link":"https:\/\/blogs.elnortedecastilla.es\/jorge-praga\/2009\/10\/24\/verde-peppermint\/","title":{"rendered":"Verde Peppermint"},"content":{"rendered":"<p>Carlos Saura es autor de cerca de cuarenta pel\u00edculas, pero en el disco duro de muchos componentes de mi generaci\u00f3n su obra se concentra en las ocho que hizo entre 1967 y 1976, de &#8216;Peppermint frapp\u00e9&#8217; a &#8216;Elisa vida m\u00eda&#8217;, con el pr\u00f3logo de &#8216;La caza&#8217; y el ep\u00edlogo de &#8216;Mam\u00e1 cumple cien a\u00f1os&#8217;. Incluso aventurar\u00eda sobre los rescoldos de aquella \u00e9poca una segunda reducci\u00f3n : todas estas pel\u00edculas eran como cap\u00edtulos de una s\u00edntesis mayor, que jugar\u00eda el papel de gran relato oblicuo del \u00faltimo franquismo, de met\u00e1fora de su aire irrespirable que logr\u00f3 saltarse la censura.<br \/>\n\u00bfEs as\u00ed? \u00bfEst\u00e1 la obra de esos a\u00f1os tan pegada a su tiempo como para venir lastrada por \u00e9l? Trato de contestar a estas preguntas revisando la primera de la serie, &#8216;Peppermint frapp\u00e9&#8217;, en la que ya est\u00e1 en la producci\u00f3n El\u00edas Querejeta, Rafael Azcona en el gui\u00f3n, Luis Cuadrado en la fotograf\u00eda, lo m\u00e1s granado de nuestro cine. Y s\u00ed aparece el tiempo oscuro en que fue rodada, con la represi\u00f3n sexual que angustia a sus personajes, con un ambiente g\u00e9lido como el skay de los decorados, con una vida de provincias (hermos\u00edsima Cuenca) sin horizontes. Y hasta con ese c\u00f3ctel verdoso que como dice Alfredo Mayo, sabe a pasta de dientes. Pero la pel\u00edcula vive tambi\u00e9n sin esos referentes, sobrevuela su \u00e9poca, y nos presenta a d\u00eda de hoy un discurso reconocible sobre el fetichismo, sobre el sexo temido y angustioso, sobre la soledad. Y sobre el viejo fantasma del doble, fuente inagotable de inquietud y ambig\u00fcedad po\u00e9tica.<br \/>\nEs adem\u00e1s una obra construida con rigor, jugando con los silencios que descubren sin mostrar el mundo interior de los personajes, con una interpretaci\u00f3n soberbia de Jos\u00e9 Luis L\u00f3pez V\u00e1zquez y todo el reparto, y con escenas tan brillantes como el baile de Geraldine Chaplin sobre la voz negroide de Teddy Bautista, hoy cazador testarudo de piratas digitales al frente de la Sociedad General de Autores.<br \/>\nSaura, el risue\u00f1o Saura, el apasionado Saura que homenajea sin cesar a Antonio Machado, a los pintores de El Paso, a Luis Bu\u00f1uel, bien merece esta revisi\u00f3n, aunque las turbulencias del Festival no permitan demasiados retornos a su ciclo. Ayer en la sala est\u00e1bamos siete personas.<\/p>\n","protected":false},"excerpt":{"rendered":"<p>Carlos Saura es autor de cerca de cuarenta pel\u00edculas, pero en el disco duro de muchos componentes de mi generaci\u00f3n su obra se concentra en las ocho que hizo entre 1967 y 1976, de &#8216;Peppermint frapp\u00e9&#8217; a &#8216;Elisa vida m\u00eda&#8217;, con el pr\u00f3logo de &#8216;La caza&#8217; y el ep\u00edlogo de &#8216;Mam\u00e1 cumple cien a\u00f1os&#8217;. Incluso [&hellip;]<\/p>\n","protected":false},"author":10,"featured_media":0,"comment_status":"open","ping_status":"closed","sticky":false,"template":"","format":"standard","meta":[],"categories":[2],"tags":[],"_links":{"self":[{"href":"https:\/\/blogs.elnortedecastilla.es\/jorge-praga\/wp-json\/wp\/v2\/posts\/12"}],"collection":[{"href":"https:\/\/blogs.elnortedecastilla.es\/jorge-praga\/wp-json\/wp\/v2\/posts"}],"about":[{"href":"https:\/\/blogs.elnortedecastilla.es\/jorge-praga\/wp-json\/wp\/v2\/types\/post"}],"author":[{"embeddable":true,"href":"https:\/\/blogs.elnortedecastilla.es\/jorge-praga\/wp-json\/wp\/v2\/users\/10"}],"replies":[{"embeddable":true,"href":"https:\/\/blogs.elnortedecastilla.es\/jorge-praga\/wp-json\/wp\/v2\/comments?post=12"}],"version-history":[{"count":0,"href":"https:\/\/blogs.elnortedecastilla.es\/jorge-praga\/wp-json\/wp\/v2\/posts\/12\/revisions"}],"wp:attachment":[{"href":"https:\/\/blogs.elnortedecastilla.es\/jorge-praga\/wp-json\/wp\/v2\/media?parent=12"}],"wp:term":[{"taxonomy":"category","embeddable":true,"href":"https:\/\/blogs.elnortedecastilla.es\/jorge-praga\/wp-json\/wp\/v2\/categories?post=12"},{"taxonomy":"post_tag","embeddable":true,"href":"https:\/\/blogs.elnortedecastilla.es\/jorge-praga\/wp-json\/wp\/v2\/tags?post=12"}],"curies":[{"name":"wp","href":"https:\/\/api.w.org\/{rel}","templated":true}]}}