{"id":287,"date":"2015-12-20T19:55:07","date_gmt":"2015-12-20T18:55:07","guid":{"rendered":"http:\/\/blogs.elnortedecastilla.es\/lacanaleja\/?p=287"},"modified":"2015-12-20T19:55:07","modified_gmt":"2015-12-20T18:55:07","slug":"en-expectativa-de-destino","status":"publish","type":"post","link":"https:\/\/blogs.elnortedecastilla.es\/lacanaleja\/2015\/12\/20\/en-expectativa-de-destino\/","title":{"rendered":"En expectativa de destino"},"content":{"rendered":"<p>Hoy es el d\u00eda. Para unos el \u00faltimo del bipartidismo y la antesala de una nueva era pol\u00edtica y para otros solo el de una cita con las urnas, una m\u00e1s, para la ya madurita democracia espa\u00f1ola. Pero para todos es el d\u00eda en el que se resolver\u00e1n esas y otras dudas que nos acompa\u00f1an y afligen desde hace meses. Una jornada en la que viviremos de nuevo la sensaci\u00f3n de que nuestra participaci\u00f3n es \u00fatil a un sistema que, mire por donde se mire, es como la televisi\u00f3n p\u00fablica cuando era \u00fanica: la menos mala.<br \/>\nVolveremos a pisar ese colegio electoral de nuestro barrio con alguna cana m\u00e1s e, incluso, con las manos con durezas electorales de tantas veces que hemos votado. Para m\u00ed al menos ser\u00e1 as\u00ed, porque para otros como mi hija representar\u00e1 su estreno con lo que supone para ella de paso a la mayor\u00eda de edad social. Me imagino que algo habr\u00e1 reflexionado su voto, aunque es muy probable que se encuentre entre los millones de indecisos que confieren a estos comicios un car\u00e1cter diferente, un volatilidad que deja las c\u00e1balas sobre lo que puede ocurrir hoy como meras apuestas de barra de bar, sin fundamento fiable.<br \/>\nDesconozco qu\u00e9 har\u00e1 mi hija con sus santos dieciocho a\u00f1os y con las benditas papeletas. Y tambi\u00e9n qu\u00e9 decisi\u00f3n tomar\u00e1n todos esos a los que a\u00fan no ha seducido partido ni propuesta alguna. Pero lo que s\u00ed me atrevo a aventurar es que tanto mi combativa ni\u00f1a, los que no saben qu\u00e9 hacer con su cuerpo y con su voto y todos los dem\u00e1s coincidimos en algo: estamos a la expectativa. Porque desde hace al menos tres decenios nunca unas elecciones hab\u00edan despertado tanta expectaci\u00f3n por saber su resultado. La inmensa mayor\u00eda esperamos con una curiosidad pr\u00e1cticamente in\u00e9dita a conocer c\u00f3mo les ha ido a los Mariano, Pedro, Albert o Pablo. Y, por supuesto, a sus correligionarios en cada provincia, como en Segovia a los Beatriz, Juan Luis, Javier o Daniel.<br \/>\nA la expectativa estamos para lo que suceda esta noche. Y a partir de ma\u00f1ana en expectativa de destino \u2013ese t\u00e9rmino jur\u00eddico para designar una de las situaciones administrativas en la que puede estar un funcionario \u2013 es donde estamos todos los espa\u00f1olitos, como aspirantes que hemos superado cada una de las pruebas de esta intensa y animada campa\u00f1a electoral para encontrar acomodo en la Espa\u00f1a cambiante. Tambi\u00e9n los candidatos se hallar\u00e1n en la misma posici\u00f3n.<br \/>\nY nuestro puesto ser\u00e1 el que decida el que gane ya sea solo o en compa\u00f1\u00eda de otros; o los que pierdan unidos, que est\u00e1 por ver. En esta oportunidad todos los indicios llevan a pensar que ser\u00e1n m\u00e1s de uno los que firmen nuestro destino, nuestra colocaci\u00f3n en este tiempo nuevo \u2013vaya, ya me sali\u00f3 otra vez la frasecita\u2013. A m\u00ed donde me manden, dir\u00e1n los disciplinados. Y a m\u00ed, donde decidan, asegurar\u00e1n los tibios. Pero a m\u00ed donde me corresponda, contestar\u00e1n los aguerridos.<br \/>\nUn destino que comenzar\u00e1 ma\u00f1ana con las urnas ya vac\u00edas y seguro que con la sensaci\u00f3n de que el asunto no era para tanto, que de calificar lo que nos sucede como momentos hist\u00f3ricos est\u00e1n los peri\u00f3dicos llenos. Con el paso de los d\u00edas asumiremos lo ocurrido y ya nadie se acordar\u00e1 de lo anterior, que la memoria es fr\u00e1gil. Y pasaremos la Navidad y la cuesta de enero y supongo que ya nos habr\u00e1n provisionado un destino definitivo, por el bien de todos.<\/p>\n","protected":false},"excerpt":{"rendered":"<p>Hoy es el d\u00eda. Para unos el \u00faltimo del bipartidismo y la antesala de una nueva era pol\u00edtica y para otros solo el de una cita con las urnas, una m\u00e1s, para la ya madurita democracia espa\u00f1ola. Pero para todos es el d\u00eda en el que se resolver\u00e1n esas y otras dudas que nos acompa\u00f1an [&hellip;]<\/p>\n","protected":false},"author":9,"featured_media":0,"comment_status":"open","ping_status":"open","sticky":false,"template":"","format":"standard","meta":[],"categories":[2],"tags":[],"_links":{"self":[{"href":"https:\/\/blogs.elnortedecastilla.es\/lacanaleja\/wp-json\/wp\/v2\/posts\/287"}],"collection":[{"href":"https:\/\/blogs.elnortedecastilla.es\/lacanaleja\/wp-json\/wp\/v2\/posts"}],"about":[{"href":"https:\/\/blogs.elnortedecastilla.es\/lacanaleja\/wp-json\/wp\/v2\/types\/post"}],"author":[{"embeddable":true,"href":"https:\/\/blogs.elnortedecastilla.es\/lacanaleja\/wp-json\/wp\/v2\/users\/9"}],"replies":[{"embeddable":true,"href":"https:\/\/blogs.elnortedecastilla.es\/lacanaleja\/wp-json\/wp\/v2\/comments?post=287"}],"version-history":[{"count":0,"href":"https:\/\/blogs.elnortedecastilla.es\/lacanaleja\/wp-json\/wp\/v2\/posts\/287\/revisions"}],"wp:attachment":[{"href":"https:\/\/blogs.elnortedecastilla.es\/lacanaleja\/wp-json\/wp\/v2\/media?parent=287"}],"wp:term":[{"taxonomy":"category","embeddable":true,"href":"https:\/\/blogs.elnortedecastilla.es\/lacanaleja\/wp-json\/wp\/v2\/categories?post=287"},{"taxonomy":"post_tag","embeddable":true,"href":"https:\/\/blogs.elnortedecastilla.es\/lacanaleja\/wp-json\/wp\/v2\/tags?post=287"}],"curies":[{"name":"wp","href":"https:\/\/api.w.org\/{rel}","templated":true}]}}