{"id":330,"date":"2016-05-09T12:36:50","date_gmt":"2016-05-09T11:36:50","guid":{"rendered":"http:\/\/blogs.elnortedecastilla.es\/lacanaleja\/?p=330"},"modified":"2016-05-09T12:36:50","modified_gmt":"2016-05-09T11:36:50","slug":"titular-de-un-negocio","status":"publish","type":"post","link":"https:\/\/blogs.elnortedecastilla.es\/lacanaleja\/2016\/05\/09\/titular-de-un-negocio\/","title":{"rendered":"Titular de un negocio"},"content":{"rendered":"<p><a href=\"\/lacanaleja\/wp-content\/uploads\/sites\/7\/2016\/05\/canaleja-ie-ICAL.jpg\"><img loading=\"lazy\" class=\"aligncenter size-full wp-image-331\" title=\"DOCU_NORTECASTILLA\" src=\"\/lacanaleja\/wp-content\/uploads\/sites\/7\/2016\/05\/canaleja-ie-ICAL.jpg\" alt=\"\" width=\"1969\" height=\"1345\" srcset=\"https:\/\/static-blogs.elnortedecastilla.es\/wp-content\/uploads\/sites\/7\/2016\/05\/canaleja-ie-ICAL.jpg 1969w, https:\/\/static-blogs.elnortedecastilla.es\/wp-content\/uploads\/sites\/7\/2016\/05\/canaleja-ie-ICAL-300x205.jpg 300w, https:\/\/static-blogs.elnortedecastilla.es\/wp-content\/uploads\/sites\/7\/2016\/05\/canaleja-ie-ICAL-768x525.jpg 768w, https:\/\/static-blogs.elnortedecastilla.es\/wp-content\/uploads\/sites\/7\/2016\/05\/canaleja-ie-ICAL-1024x699.jpg 1024w\" sizes=\"(max-width: 1969px) 100vw, 1969px\" \/><\/a>Cuando un veterano de este oficio llega a la jubilaci\u00f3n es recurrente preguntarle por el titular que le hubiera gustado dar durante los a\u00f1os de profesi\u00f3n. Como somos correctos, en general, la respuesta suele acercarse a cosas como el fin de las guerras, la que haya en cada momento, o que se ha erradicado el hambre en el mundo. Todo muy aseado y l\u00f3gico si tenemos en cuenta que el d\u00eda que uno deja de trabajar supongo que puede ponerse ut\u00f3pico y emotivo porque ya no tiene que elaborar el peri\u00f3dico o el programa para ma\u00f1ana. Y as\u00ed, como hacen los ni\u00f1os y ni\u00f1as de colegios religiosos, cuando en el d\u00eda de la paz les piden que pronuncien un deseo buscan el cumplido en sus respuestas para que los curas, las monjas y el expediente acad\u00e9mico se lo agradezcan con un punto m\u00e1s.<br \/>\nA los viejos periodistas les puede pues la correcci\u00f3n al cumplir unos a\u00f1itos y retirarse de la escena p\u00fablica, ya sea despu\u00e9s de haberse curtido en mil batallas nacionales o internacionales o en el complejo mundo del periodismo de provincias, que tiene tela. A este que firma le ha tocado y le toca esto \u00faltimo y por experiencia les digo que en las guerras locales los kalashnikov a veces llevan balas que solo esquivas por la torpeza de quien las dispara, porque si fueran h\u00e1biles ser\u00edas un cad\u00e1ver desde el primer minuto. Pero claro si te preguntan el titular que te gustar\u00eda publicar, c\u00ednico de m\u00ed, has de decir que la paz en el pueblo.<br \/>\nUna cuesti\u00f3n de una encuesta entre miles de universitarios me ha roto los esquemas en esto de las respuestas medidas y obvias, por sabidas. Preguntaban a estos chavales que nos suceder\u00e1n si \u2018\u00bfHas empezado o tienes pensado crear tu propia empresa en los pr\u00f3ximos a\u00f1os?\u2019 Y uno de cada cuatro asegura que s\u00ed, ante mi sorpresa y supongo la de quienes cotejaron los datos. El asunto no termina ah\u00ed porque de sorpresa en sorpresa hasta la sorpresa final: esos futuros emprendedores son m\u00e1s que los que aspiran a ser funcionarios. Incre\u00edble vencen, aunque es por la m\u00ednima, a los que anhelan un sueldo a fin de mes aderezado con una seguridad laboral.<br \/>\nVivir para ver. Y por ahondar en el sondeo \u2013realizado a 8.601 universitarios, lo que es una cifra significativa, en 65 de los 80 campus que hay en Espa\u00f1a\u2013 ingenieros y arquitectos son los que m\u00e1s se inclinan por abrir un negocio al terminar sus estudios. Y el motivo de este triunfo del emprendimiento radica en que prefieren trabajar en algo que les gusta antes que tener un puesto asegurado. Trato de buscar una explicaci\u00f3n de la victoria del riesgo de ser titular de un negocio y creo hallarla en la crisis: visto como est\u00e1 el mercado laboral mejor monto mi propia empresa, que para ser un \u2018menosmileurista\u2019 ya me establezco por mi cuenta y a quien Dios se la d\u00e9, San Pedro se la bendiga. Necesitado te veas, claro, que m\u00e1s \u2018corn\u00e1s\u2019 da el hambre, dec\u00eda el torero.<br \/>\nCon ese argumento, ya no parece tan sorprendente, aunque para m\u00ed es ciencia ficci\u00f3n. No me alcanza la imaginaci\u00f3n para ver all\u00e1 por los ochenta a mis coet\u00e1neos universitarios, la mayor\u00eda empleados p\u00fablicos de todas las Espa\u00f1as, con un solo pensamiento puesto en abrir un negocio. Era otra \u00e9poca. La de ahora me servir\u00e1 para que al preguntarme cuando me retire por el titular que me hubiera gustado dar conteste que es este pero que ya se public\u00f3 y me toque decir el correcto de la paz en el mundo.<\/p>\n","protected":false},"excerpt":{"rendered":"<p>Cuando un veterano de este oficio llega a la jubilaci\u00f3n es recurrente preguntarle por el titular que le hubiera gustado dar durante los a\u00f1os de profesi\u00f3n. Como somos correctos, en general, la respuesta suele acercarse a cosas como el fin de las guerras, la que haya en cada momento, o que se ha erradicado el [&hellip;]<\/p>\n","protected":false},"author":9,"featured_media":0,"comment_status":"open","ping_status":"open","sticky":false,"template":"","format":"standard","meta":[],"categories":[2],"tags":[],"_links":{"self":[{"href":"https:\/\/blogs.elnortedecastilla.es\/lacanaleja\/wp-json\/wp\/v2\/posts\/330"}],"collection":[{"href":"https:\/\/blogs.elnortedecastilla.es\/lacanaleja\/wp-json\/wp\/v2\/posts"}],"about":[{"href":"https:\/\/blogs.elnortedecastilla.es\/lacanaleja\/wp-json\/wp\/v2\/types\/post"}],"author":[{"embeddable":true,"href":"https:\/\/blogs.elnortedecastilla.es\/lacanaleja\/wp-json\/wp\/v2\/users\/9"}],"replies":[{"embeddable":true,"href":"https:\/\/blogs.elnortedecastilla.es\/lacanaleja\/wp-json\/wp\/v2\/comments?post=330"}],"version-history":[{"count":0,"href":"https:\/\/blogs.elnortedecastilla.es\/lacanaleja\/wp-json\/wp\/v2\/posts\/330\/revisions"}],"wp:attachment":[{"href":"https:\/\/blogs.elnortedecastilla.es\/lacanaleja\/wp-json\/wp\/v2\/media?parent=330"}],"wp:term":[{"taxonomy":"category","embeddable":true,"href":"https:\/\/blogs.elnortedecastilla.es\/lacanaleja\/wp-json\/wp\/v2\/categories?post=330"},{"taxonomy":"post_tag","embeddable":true,"href":"https:\/\/blogs.elnortedecastilla.es\/lacanaleja\/wp-json\/wp\/v2\/tags?post=330"}],"curies":[{"name":"wp","href":"https:\/\/api.w.org\/{rel}","templated":true}]}}