{"id":722,"date":"2019-06-27T11:43:49","date_gmt":"2019-06-27T10:43:49","guid":{"rendered":"https:\/\/blogs.elnortedecastilla.es\/lacanaleja\/?p=722"},"modified":"2019-06-27T11:43:49","modified_gmt":"2019-06-27T10:43:49","slug":"mal-empezamos","status":"publish","type":"post","link":"https:\/\/blogs.elnortedecastilla.es\/lacanaleja\/2019\/06\/27\/mal-empezamos\/","title":{"rendered":"Mal empezamos"},"content":{"rendered":"<p>-Qu\u00e9 d\u00eda es hoy, preguntaba el condenado mientras miraba al verdugo.<br \/>\n\u2013Lunes, le respondi\u00f3.<br \/>\n\u2013Pues mal empezamos la semana, sentenci\u00f3 antes de que el hacha cayera sobre su cuello.<br \/>\nMal comienzo, s\u00ed, el mismo que ha tenido el Ayuntamiento de Segovia que, con todos ya en marcha y a sus tareas, va a ser el pen\u00faltimo en constituirse. Un lunes que va a durar una veintena de d\u00edas desde que se formaron casi todas las corporaciones municipales hasta el pr\u00f3ximo 5 de julio, fecha en la que si el Acueducto no se desploma veremos un nuevo gobierno socialista por quinta vez consecutiva.<br \/>\nMal rollo, tambi\u00e9n, porque han querido cortar la cabeza al ganador de las elecciones en los tribunales y es posible que ni olvido ni perd\u00f3n en cuatro a\u00f1os. Es extra\u00f1o ver que la v\u00edctima perdona a quien ha querido ser su verdugo y aunque pueda parecer agorero, me temo que en este caso va a ocurrir parecido. Porque siempre que pasa lo mismo, sucede igual, que dicen, como ya les he contado en otra oportunidad, en el para\u00edso de La Granja.<br \/>\nCon toda legitimidad y seguro que sin \u00e1nimo de menoscabar la instituci\u00f3n, Ciudadanos ha obrado, aunque su pretensi\u00f3n se antojaba irrealizable para todos menos para ellos. Solo han conseguido sembrar ciertas dudas, pese a que a estas alturas del partido que jugamos desde hace cuarenta a\u00f1os con la democracia hacen falta muchas semillas para que brote un pucherazo.<br \/>\nAhora viene la segunda parte de esta batalla pol\u00edtica en los juzgados: la Diputaci\u00f3n. All\u00ed est\u00e1n mezclados condenados, verdugos y hasta el cura que absuelve de sus pecados a los reos de muerte. Quieran los tiempos judiciales que no sea un lunes largo y al sol. De lo contrario, mal empezamos.<\/p>\n","protected":false},"excerpt":{"rendered":"<p>-Qu\u00e9 d\u00eda es hoy, preguntaba el condenado mientras miraba al verdugo. \u2013Lunes, le respondi\u00f3. \u2013Pues mal empezamos la semana, sentenci\u00f3 antes de que el hacha cayera sobre su cuello. Mal comienzo, s\u00ed, el mismo que ha tenido el Ayuntamiento de Segovia que, con todos ya en marcha y a sus tareas, va a ser el [&hellip;]<\/p>\n","protected":false},"author":9,"featured_media":0,"comment_status":"open","ping_status":"open","sticky":false,"template":"","format":"standard","meta":[],"categories":[1],"tags":[],"_links":{"self":[{"href":"https:\/\/blogs.elnortedecastilla.es\/lacanaleja\/wp-json\/wp\/v2\/posts\/722"}],"collection":[{"href":"https:\/\/blogs.elnortedecastilla.es\/lacanaleja\/wp-json\/wp\/v2\/posts"}],"about":[{"href":"https:\/\/blogs.elnortedecastilla.es\/lacanaleja\/wp-json\/wp\/v2\/types\/post"}],"author":[{"embeddable":true,"href":"https:\/\/blogs.elnortedecastilla.es\/lacanaleja\/wp-json\/wp\/v2\/users\/9"}],"replies":[{"embeddable":true,"href":"https:\/\/blogs.elnortedecastilla.es\/lacanaleja\/wp-json\/wp\/v2\/comments?post=722"}],"version-history":[{"count":1,"href":"https:\/\/blogs.elnortedecastilla.es\/lacanaleja\/wp-json\/wp\/v2\/posts\/722\/revisions"}],"predecessor-version":[{"id":723,"href":"https:\/\/blogs.elnortedecastilla.es\/lacanaleja\/wp-json\/wp\/v2\/posts\/722\/revisions\/723"}],"wp:attachment":[{"href":"https:\/\/blogs.elnortedecastilla.es\/lacanaleja\/wp-json\/wp\/v2\/media?parent=722"}],"wp:term":[{"taxonomy":"category","embeddable":true,"href":"https:\/\/blogs.elnortedecastilla.es\/lacanaleja\/wp-json\/wp\/v2\/categories?post=722"},{"taxonomy":"post_tag","embeddable":true,"href":"https:\/\/blogs.elnortedecastilla.es\/lacanaleja\/wp-json\/wp\/v2\/tags?post=722"}],"curies":[{"name":"wp","href":"https:\/\/api.w.org\/{rel}","templated":true}]}}