{"id":757,"date":"2019-09-09T19:32:46","date_gmt":"2019-09-09T18:32:46","guid":{"rendered":"https:\/\/blogs.elnortedecastilla.es\/lacanaleja\/?p=757"},"modified":"2019-09-09T19:32:46","modified_gmt":"2019-09-09T18:32:46","slug":"laberinto-del-porvenir","status":"publish","type":"post","link":"https:\/\/blogs.elnortedecastilla.es\/lacanaleja\/2019\/09\/09\/laberinto-del-porvenir\/","title":{"rendered":"Laberinto del porvenir"},"content":{"rendered":"<p>No existe rinc\u00f3n m\u00e1s demandado por la chavaler\u00eda que visita los jardines de La Granja que el laberinto. All\u00ed, en los caminos el\u00edpticos, gozan como ni\u00f1os que son. Las m\u00edas eran devotas del lugar; y sus primos de fuera, a\u00fan m\u00e1s, por aquello de ir a un pueblo y encontrarse con esa aventura. Hoy, paso delante de la puerta de acceso y los cr\u00edos ni son m\u00edos, ni van con su inocencia a buscar la salida: acuden dopados con el m\u00f3vil que orienta mejor que su instinto.<br \/>\nCosas de los tiempos, pienso, que cambian que es una barbaridad y una lata. Y como a los ni\u00f1os del laberinto palaciego, les ocurri\u00f3 a los concejales que asistieron a la sesi\u00f3n de ayer en el Ayuntamiento de Segovia; un pleno hist\u00f3rico por la aprobaci\u00f3n de la norma urban\u00edstica sobre el cogollo de la ciudad y no tan hist\u00f3rico por el debate, que se centr\u00f3 en lo pol\u00edtico y dej\u00f3 de lado \u2013como tantas veces\u2013 lo que realmente importa.<br \/>\nEnmara\u00f1ados en su laberinto de generalidades, no hubo forma de que se bajara a la arena del contenido del PEAHIS, el plan. No era necesario, por imposible, ir ficha a ficha, ni tan siquiera hablar de las m\u00e1s estimables; solo hubiera bastado con advertir que para los a\u00f1os venideros esto es lo que hay: una norma que ampara.<br \/>\nPorque ya presiento que en cuanto se haga un cambio en un inmueble o solar hist\u00f3rico alzaremos el grito al cielo y nos contestar\u00e1n: es legal, aunque a usted le parezca feo cargarse nuestra historia. Este laberinto traer\u00e1 un porvenir que nos dejar\u00e1 ojopl\u00e1ticos. Ya lo ver\u00e1n.<\/p>\n","protected":false},"excerpt":{"rendered":"<p>No existe rinc\u00f3n m\u00e1s demandado por la chavaler\u00eda que visita los jardines de La Granja que el laberinto. All\u00ed, en los caminos el\u00edpticos, gozan como ni\u00f1os que son. Las m\u00edas eran devotas del lugar; y sus primos de fuera, a\u00fan m\u00e1s, por aquello de ir a un pueblo y encontrarse con esa aventura. Hoy, paso [&hellip;]<\/p>\n","protected":false},"author":9,"featured_media":0,"comment_status":"open","ping_status":"open","sticky":false,"template":"","format":"standard","meta":[],"categories":[1],"tags":[],"_links":{"self":[{"href":"https:\/\/blogs.elnortedecastilla.es\/lacanaleja\/wp-json\/wp\/v2\/posts\/757"}],"collection":[{"href":"https:\/\/blogs.elnortedecastilla.es\/lacanaleja\/wp-json\/wp\/v2\/posts"}],"about":[{"href":"https:\/\/blogs.elnortedecastilla.es\/lacanaleja\/wp-json\/wp\/v2\/types\/post"}],"author":[{"embeddable":true,"href":"https:\/\/blogs.elnortedecastilla.es\/lacanaleja\/wp-json\/wp\/v2\/users\/9"}],"replies":[{"embeddable":true,"href":"https:\/\/blogs.elnortedecastilla.es\/lacanaleja\/wp-json\/wp\/v2\/comments?post=757"}],"version-history":[{"count":1,"href":"https:\/\/blogs.elnortedecastilla.es\/lacanaleja\/wp-json\/wp\/v2\/posts\/757\/revisions"}],"predecessor-version":[{"id":758,"href":"https:\/\/blogs.elnortedecastilla.es\/lacanaleja\/wp-json\/wp\/v2\/posts\/757\/revisions\/758"}],"wp:attachment":[{"href":"https:\/\/blogs.elnortedecastilla.es\/lacanaleja\/wp-json\/wp\/v2\/media?parent=757"}],"wp:term":[{"taxonomy":"category","embeddable":true,"href":"https:\/\/blogs.elnortedecastilla.es\/lacanaleja\/wp-json\/wp\/v2\/categories?post=757"},{"taxonomy":"post_tag","embeddable":true,"href":"https:\/\/blogs.elnortedecastilla.es\/lacanaleja\/wp-json\/wp\/v2\/tags?post=757"}],"curies":[{"name":"wp","href":"https:\/\/api.w.org\/{rel}","templated":true}]}}