{"id":760,"date":"2019-09-10T19:03:01","date_gmt":"2019-09-10T18:03:01","guid":{"rendered":"https:\/\/blogs.elnortedecastilla.es\/lacanaleja\/?p=760"},"modified":"2019-09-10T19:03:01","modified_gmt":"2019-09-10T18:03:01","slug":"llorar-por-algo","status":"publish","type":"post","link":"https:\/\/blogs.elnortedecastilla.es\/lacanaleja\/2019\/09\/10\/llorar-por-algo\/","title":{"rendered":"Llorar por algo"},"content":{"rendered":"<p>Hay un extendido llanto postvacional que en Segovia cubre de Maderuelo a El Espinar y de Riaza a Coca, por trazar un aspa en el mapa. Lloran los ni\u00f1os por volver al cole y los adultos de emoci\u00f3n porque por fin se acaban las vacaciones escolares; y lloran los adolescentes por ese amor de verano y, sobre todo, derraman l\u00e1grimas quienes necesitan el sol estival para vivir, que no s\u00e9 si es su caso y el m\u00edo.<br \/>\nLlorados en este principio de septiembre afrontamos lo que viene. Y hasta Nadal deja su herc\u00falea naturaleza para emocionarse porque ha vuelto a ganar. Aqu\u00ed llora todo dios, ya lo ven, y uno que es de esp\u00edritu y l\u00e1grima f\u00e1cil pone pucheros con lo de Blanca Fern\u00e1ndez Ochoa o Camilo Sesto, a la espera de que el traicionero oto\u00f1o se lleve por delante a m\u00e1s iconos de lo nuestro.<br \/>\nPara paliar algo el llanto que nos invade hay varias opciones: dejar de ser un cursi es el camino m\u00e1s recto o en Segovia darse a la participaci\u00f3n ciudadana, en forma de presupuestos participativos, un invento en el que la gente llora lo que le gustar\u00eda que el Ayuntamiento hiciera y este lo pare con una consulta popular, de las que hacen democracia, oiga.<br \/>\nAs\u00ed, lloraditos todos, encaramos el final del verano \u2013que lleg\u00f3 y t\u00fa partir\u00e1s, canturreen\u2013 para ir a votar si queremos que ensanchen la calle o pongan una fuente con chorrito epil\u00e9ptico en esta plaza. Y si nos da la gana en noviembre ya votamos otra vez, a ver si lloramos por algo, que dec\u00eda mi madre. Eso s\u00ed ser\u00e1 para llorar sin consuelo.<\/p>\n","protected":false},"excerpt":{"rendered":"<p>Hay un extendido llanto postvacional que en Segovia cubre de Maderuelo a El Espinar y de Riaza a Coca, por trazar un aspa en el mapa. Lloran los ni\u00f1os por volver al cole y los adultos de emoci\u00f3n porque por fin se acaban las vacaciones escolares; y lloran los adolescentes por ese amor de verano [&hellip;]<\/p>\n","protected":false},"author":9,"featured_media":0,"comment_status":"open","ping_status":"open","sticky":false,"template":"","format":"standard","meta":[],"categories":[1],"tags":[],"_links":{"self":[{"href":"https:\/\/blogs.elnortedecastilla.es\/lacanaleja\/wp-json\/wp\/v2\/posts\/760"}],"collection":[{"href":"https:\/\/blogs.elnortedecastilla.es\/lacanaleja\/wp-json\/wp\/v2\/posts"}],"about":[{"href":"https:\/\/blogs.elnortedecastilla.es\/lacanaleja\/wp-json\/wp\/v2\/types\/post"}],"author":[{"embeddable":true,"href":"https:\/\/blogs.elnortedecastilla.es\/lacanaleja\/wp-json\/wp\/v2\/users\/9"}],"replies":[{"embeddable":true,"href":"https:\/\/blogs.elnortedecastilla.es\/lacanaleja\/wp-json\/wp\/v2\/comments?post=760"}],"version-history":[{"count":1,"href":"https:\/\/blogs.elnortedecastilla.es\/lacanaleja\/wp-json\/wp\/v2\/posts\/760\/revisions"}],"predecessor-version":[{"id":761,"href":"https:\/\/blogs.elnortedecastilla.es\/lacanaleja\/wp-json\/wp\/v2\/posts\/760\/revisions\/761"}],"wp:attachment":[{"href":"https:\/\/blogs.elnortedecastilla.es\/lacanaleja\/wp-json\/wp\/v2\/media?parent=760"}],"wp:term":[{"taxonomy":"category","embeddable":true,"href":"https:\/\/blogs.elnortedecastilla.es\/lacanaleja\/wp-json\/wp\/v2\/categories?post=760"},{"taxonomy":"post_tag","embeddable":true,"href":"https:\/\/blogs.elnortedecastilla.es\/lacanaleja\/wp-json\/wp\/v2\/tags?post=760"}],"curies":[{"name":"wp","href":"https:\/\/api.w.org\/{rel}","templated":true}]}}