{"id":767,"date":"2019-09-19T10:54:13","date_gmt":"2019-09-19T09:54:13","guid":{"rendered":"https:\/\/blogs.elnortedecastilla.es\/lacanaleja\/?p=767"},"modified":"2019-09-19T10:54:13","modified_gmt":"2019-09-19T09:54:13","slug":"una-pica-en-pucela","status":"publish","type":"post","link":"https:\/\/blogs.elnortedecastilla.es\/lacanaleja\/2019\/09\/19\/una-pica-en-pucela\/","title":{"rendered":"Una pica en Pucela"},"content":{"rendered":"<p>Hoy va a ser la columna en la que trate de autoprovocarme, en un ejercicio de contorsionismo que para s\u00ed quisieran los fracasados participantes en el pacto nonato para gobernar Espa\u00f1a. Pero lo har\u00e9 sin pol\u00edtica, desde el paisanaje, palabra que tanto reiteraba el expresidente de esta comunidad. Y ser\u00e1 para medir las cosas del lugar donde fui a nacer, Valladolid, con el que recal\u00e9 para pacer, Segovia.<br \/>\nMe inspira un hecho que me llen\u00f3 de orgullo y satisfacci\u00f3n regia: la actuaci\u00f3n de los muy segovianos del Mester para cerrar hace unos d\u00edas las fiestas pucelanas. Era en mi Plaza Mayor, en la que vivieron mis abuelos, esquina con Santiago, y en la que se cri\u00f3 mi madre. Por el recinto, un sentimiento de infancia, y por quienes lograron tanto p\u00fablico \u2013con racaner\u00eda se habl\u00f3 de 6.000 personas, pero hab\u00eda m\u00e1s, seguro\u2013 una bocanada de ese segovianismo que cuando vives aqu\u00ed a todos nos atrapa sin remisi\u00f3n.<br \/>\nFue una pica en mi Pucela por unos lanceros de mi Segovia. All\u00ed hablaron de la chica segoviana \u2013nada de la pucelana\u2013 y estoy convencido de que la nutrida colonia de esta provincia que reside en el foro esboz\u00f3 una media sonrisa para pensar: hoy la capital somos nosotros.<br \/>\nAunque, no nos vengamos arriba, que a Segovia a veces tambi\u00e9n le duele la soberbia. Pero han de tomar notar en Pucela; de lo contrario, el a\u00f1o que viene mandamos al hawaiano Bruno Mars, cuyo tatarabuelo era de Nava de la Asunci\u00f3n. Y entonces no ser\u00e1 una pica, sino los Tercios de Flandes en pleno.<\/p>\n","protected":false},"excerpt":{"rendered":"<p>Hoy va a ser la columna en la que trate de autoprovocarme, en un ejercicio de contorsionismo que para s\u00ed quisieran los fracasados participantes en el pacto nonato para gobernar Espa\u00f1a. Pero lo har\u00e9 sin pol\u00edtica, desde el paisanaje, palabra que tanto reiteraba el expresidente de esta comunidad. Y ser\u00e1 para medir las cosas del [&hellip;]<\/p>\n","protected":false},"author":9,"featured_media":0,"comment_status":"open","ping_status":"open","sticky":false,"template":"","format":"standard","meta":[],"categories":[1],"tags":[],"_links":{"self":[{"href":"https:\/\/blogs.elnortedecastilla.es\/lacanaleja\/wp-json\/wp\/v2\/posts\/767"}],"collection":[{"href":"https:\/\/blogs.elnortedecastilla.es\/lacanaleja\/wp-json\/wp\/v2\/posts"}],"about":[{"href":"https:\/\/blogs.elnortedecastilla.es\/lacanaleja\/wp-json\/wp\/v2\/types\/post"}],"author":[{"embeddable":true,"href":"https:\/\/blogs.elnortedecastilla.es\/lacanaleja\/wp-json\/wp\/v2\/users\/9"}],"replies":[{"embeddable":true,"href":"https:\/\/blogs.elnortedecastilla.es\/lacanaleja\/wp-json\/wp\/v2\/comments?post=767"}],"version-history":[{"count":1,"href":"https:\/\/blogs.elnortedecastilla.es\/lacanaleja\/wp-json\/wp\/v2\/posts\/767\/revisions"}],"predecessor-version":[{"id":768,"href":"https:\/\/blogs.elnortedecastilla.es\/lacanaleja\/wp-json\/wp\/v2\/posts\/767\/revisions\/768"}],"wp:attachment":[{"href":"https:\/\/blogs.elnortedecastilla.es\/lacanaleja\/wp-json\/wp\/v2\/media?parent=767"}],"wp:term":[{"taxonomy":"category","embeddable":true,"href":"https:\/\/blogs.elnortedecastilla.es\/lacanaleja\/wp-json\/wp\/v2\/categories?post=767"},{"taxonomy":"post_tag","embeddable":true,"href":"https:\/\/blogs.elnortedecastilla.es\/lacanaleja\/wp-json\/wp\/v2\/tags?post=767"}],"curies":[{"name":"wp","href":"https:\/\/api.w.org\/{rel}","templated":true}]}}