{"id":769,"date":"2019-09-23T10:48:44","date_gmt":"2019-09-23T09:48:44","guid":{"rendered":"https:\/\/blogs.elnortedecastilla.es\/lacanaleja\/?p=769"},"modified":"2019-09-23T10:48:44","modified_gmt":"2019-09-23T09:48:44","slug":"hay-fuencisla","status":"publish","type":"post","link":"https:\/\/blogs.elnortedecastilla.es\/lacanaleja\/2019\/09\/23\/hay-fuencisla\/","title":{"rendered":"Hay Fuencisla"},"content":{"rendered":"<p>Septiembre es un mes coctelero, al menos en Segovia. Con la tradici\u00f3n de la procesi\u00f3n y novenario de la Fuencisla se mezcla desde hace ya unos a\u00f1os el muy elevado Hay Festival, en una combinaci\u00f3n que solo soporta quien tiene posibilidad de ser camale\u00f3n. Rezo por aqu\u00ed; cita literaria, por all\u00e1; una pepitoria explosiva, con una mano en el rosario y otra en un libro.<br \/>\nEn este tiempo ahondamos en la imagen de ciudad cultural que nos acompa\u00f1a, aderezada con el fervor por una Virgen cuyo nombre es esencia de segovianismo; si usted se encuentra a una Fuencisla en el otro extremo del mundo no lo dude: sus ra\u00edces est\u00e1n aqu\u00ed. Como tambi\u00e9n ya est\u00e1n las del Hay, ese asunto que se col\u00f3 en nuestras vidas en este siglo y que, pasada la desconfianza inicial de todo lo nuevo, ya suma devotos para llevar en andas a cualquier icono literario que lo frecuente. Porque hay Fuencisla y hay Hay para protegernos y aliviarnos de la rutina de vivir en una capital de provincias.<br \/>\nY mientras se honre a la Virgen y se escuche hablar a escritores de esas cosas llamadas libros, Segovia estar\u00e1 a salvo, al menos unos d\u00edas, del disparate de lo pol\u00edticamente correcto. Porque ya imagino el mundo \u2013lema del Hay\u2013 en el que tendr\u00e9 que pedir disculpas por haber realizado el a\u00f1o pasado la Ofrenda a la Fuencisla en la Catedral y por haber participado en una lectura p\u00fablica en el Hay. Ah y por haberme disfrazado una vez de negra zumbona. Desde luego, as\u00ed no me salva ni la Fuencisla.<\/p>\n","protected":false},"excerpt":{"rendered":"<p>Septiembre es un mes coctelero, al menos en Segovia. Con la tradici\u00f3n de la procesi\u00f3n y novenario de la Fuencisla se mezcla desde hace ya unos a\u00f1os el muy elevado Hay Festival, en una combinaci\u00f3n que solo soporta quien tiene posibilidad de ser camale\u00f3n. Rezo por aqu\u00ed; cita literaria, por all\u00e1; una pepitoria explosiva, con [&hellip;]<\/p>\n","protected":false},"author":9,"featured_media":0,"comment_status":"open","ping_status":"open","sticky":false,"template":"","format":"standard","meta":[],"categories":[1],"tags":[],"_links":{"self":[{"href":"https:\/\/blogs.elnortedecastilla.es\/lacanaleja\/wp-json\/wp\/v2\/posts\/769"}],"collection":[{"href":"https:\/\/blogs.elnortedecastilla.es\/lacanaleja\/wp-json\/wp\/v2\/posts"}],"about":[{"href":"https:\/\/blogs.elnortedecastilla.es\/lacanaleja\/wp-json\/wp\/v2\/types\/post"}],"author":[{"embeddable":true,"href":"https:\/\/blogs.elnortedecastilla.es\/lacanaleja\/wp-json\/wp\/v2\/users\/9"}],"replies":[{"embeddable":true,"href":"https:\/\/blogs.elnortedecastilla.es\/lacanaleja\/wp-json\/wp\/v2\/comments?post=769"}],"version-history":[{"count":1,"href":"https:\/\/blogs.elnortedecastilla.es\/lacanaleja\/wp-json\/wp\/v2\/posts\/769\/revisions"}],"predecessor-version":[{"id":770,"href":"https:\/\/blogs.elnortedecastilla.es\/lacanaleja\/wp-json\/wp\/v2\/posts\/769\/revisions\/770"}],"wp:attachment":[{"href":"https:\/\/blogs.elnortedecastilla.es\/lacanaleja\/wp-json\/wp\/v2\/media?parent=769"}],"wp:term":[{"taxonomy":"category","embeddable":true,"href":"https:\/\/blogs.elnortedecastilla.es\/lacanaleja\/wp-json\/wp\/v2\/categories?post=769"},{"taxonomy":"post_tag","embeddable":true,"href":"https:\/\/blogs.elnortedecastilla.es\/lacanaleja\/wp-json\/wp\/v2\/tags?post=769"}],"curies":[{"name":"wp","href":"https:\/\/api.w.org\/{rel}","templated":true}]}}