{"id":776,"date":"2019-10-01T11:16:11","date_gmt":"2019-10-01T10:16:11","guid":{"rendered":"https:\/\/blogs.elnortedecastilla.es\/lacanaleja\/?p=776"},"modified":"2019-10-01T11:16:11","modified_gmt":"2019-10-01T10:16:11","slug":"imperecedero","status":"publish","type":"post","link":"https:\/\/blogs.elnortedecastilla.es\/lacanaleja\/2019\/10\/01\/imperecedero\/","title":{"rendered":"Imperecedero"},"content":{"rendered":"<p>Uno de mis recuerdos escolares, aunque les parezca inveros\u00edmil, es ver al director entrar en clase para explicarnos que la democracia, y m\u00e1s en concreto el comunismo de Carrillo y su peluca, iba a cerrar el colegio, incluso con nosotros dentro. El hermano, apodado \u2018Flecha\u2019, igual porque fue de Falange, se desga\u00f1itaba para que nuestras cabezas de asnos comprendieran la gravedad del asunto.<br \/>\nEra finales de los 70 en el colegio Maristas de Valladolid. Al oir al cura, que era profesor de Matem\u00e1ticas con un gusto desaforado por las combinaciones, permutaciones y variaciones que nos ense\u00f1aba con una cantinela, nos debat\u00edamos entre la apetitosa opci\u00f3n de que cerraran aquello o la m\u00e1s que probable de que todo siguiera igual, porque buenos eran los hermanos para dejarse comer la merienda. Ni los comunistas, esos.<br \/>\nEl recuerdo ha vuelto a m\u00ed en estos meses en los que el gobierno ha coqueteado con los herederos ideol\u00f3gicos de esos que quer\u00edan cargarse el colegio. Y hoy me refresca la memoria C\u00e9sar \u2013que tambi\u00e9n fue ni\u00f1o marista\u2013 al escribir en estas p\u00e1ginas sobre la ense\u00f1anza concertada, ese imperecedero asunto desde hace cuarenta a\u00f1os.<br \/>\nSiempre en peligro de derribo, los colegios religiosos resisten a pesar de los augurios del hermano director, a quien los ojos se le dar\u00edan la vuelta si supiera que ya los rojos son una gente que camina por una vereda de orden y que el verdadero riesgo est\u00e1 en los padres \u2013comunistas o no\u2013 de los ni\u00f1os, que se empe\u00f1an en contribuir con insuficientes infantes. Temo que no le saldr\u00edan las combinaciones para solucionar el problema.<\/p>\n","protected":false},"excerpt":{"rendered":"<p>Uno de mis recuerdos escolares, aunque les parezca inveros\u00edmil, es ver al director entrar en clase para explicarnos que la democracia, y m\u00e1s en concreto el comunismo de Carrillo y su peluca, iba a cerrar el colegio, incluso con nosotros dentro. El hermano, apodado \u2018Flecha\u2019, igual porque fue de Falange, se desga\u00f1itaba para que nuestras [&hellip;]<\/p>\n","protected":false},"author":9,"featured_media":0,"comment_status":"open","ping_status":"open","sticky":false,"template":"","format":"standard","meta":[],"categories":[1],"tags":[],"_links":{"self":[{"href":"https:\/\/blogs.elnortedecastilla.es\/lacanaleja\/wp-json\/wp\/v2\/posts\/776"}],"collection":[{"href":"https:\/\/blogs.elnortedecastilla.es\/lacanaleja\/wp-json\/wp\/v2\/posts"}],"about":[{"href":"https:\/\/blogs.elnortedecastilla.es\/lacanaleja\/wp-json\/wp\/v2\/types\/post"}],"author":[{"embeddable":true,"href":"https:\/\/blogs.elnortedecastilla.es\/lacanaleja\/wp-json\/wp\/v2\/users\/9"}],"replies":[{"embeddable":true,"href":"https:\/\/blogs.elnortedecastilla.es\/lacanaleja\/wp-json\/wp\/v2\/comments?post=776"}],"version-history":[{"count":1,"href":"https:\/\/blogs.elnortedecastilla.es\/lacanaleja\/wp-json\/wp\/v2\/posts\/776\/revisions"}],"predecessor-version":[{"id":777,"href":"https:\/\/blogs.elnortedecastilla.es\/lacanaleja\/wp-json\/wp\/v2\/posts\/776\/revisions\/777"}],"wp:attachment":[{"href":"https:\/\/blogs.elnortedecastilla.es\/lacanaleja\/wp-json\/wp\/v2\/media?parent=776"}],"wp:term":[{"taxonomy":"category","embeddable":true,"href":"https:\/\/blogs.elnortedecastilla.es\/lacanaleja\/wp-json\/wp\/v2\/categories?post=776"},{"taxonomy":"post_tag","embeddable":true,"href":"https:\/\/blogs.elnortedecastilla.es\/lacanaleja\/wp-json\/wp\/v2\/tags?post=776"}],"curies":[{"name":"wp","href":"https:\/\/api.w.org\/{rel}","templated":true}]}}