{"id":19,"date":"2014-03-17T15:05:50","date_gmt":"2014-03-17T14:05:50","guid":{"rendered":"http:\/\/blogs.elnortedecastilla.es\/lacantinadelcalvo\/?p=19"},"modified":"2014-03-17T15:05:50","modified_gmt":"2014-03-17T14:05:50","slug":"19","status":"publish","type":"post","link":"https:\/\/blogs.elnortedecastilla.es\/lacantinadelcalvo\/2014\/03\/17\/19\/","title":{"rendered":"Caraduras de memoria endeble"},"content":{"rendered":"<p>Art\u00edculo de <strong>C\u00e9sar P\u00e9rez Gellida<\/strong> publicado en El Norte de Castilla el 17 de marzo de 1014.<\/p>\n<p>&nbsp;<\/p>\n<p>Cleptocracia: d\u00edcese de la forma de gobierno que se fundamenta en la sustracci\u00f3n de bienes ajenos. Ahora bien, no se vaya usted a pensar que se trata de un t\u00e9rmino que acu\u00f1aran en la Antigua Grecia; es, dig\u00e1moslo as\u00ed, de reciente creaci\u00f3n. Ergo, responde a una necesidad de definir algo que antes no exist\u00eda.<\/p>\n<p>No obstante, la corrupci\u00f3n entendida como el uso del poder como v\u00eda de enriquecimiento existe desde la noche de los tiempos: malversaci\u00f3n de fondos p\u00fablicos, blanqueo de capitales, cohecho, fraude, apropiaci\u00f3n indebida o el tr\u00e1fico de influencias podr\u00edan encabezar el ranking de delitos que ali\u00f1an una cleptocracia.<\/p>\n<p>Una como la nuestra.<\/p>\n<p>As\u00ed, alumbrando el asunto desde dentro de nuestras fronteras, vemos que los casos se multiplican desde 1933, \u2013cuando se ejerci\u00f3 el derecho al voto por primera vez durante la Segunda Rep\u00fablica\u2013. El franquismo tambi\u00e9n dej\u00f3 los suyos, pero tristemente, los casi mil setecientos casos que tiene registrados el Consejo General del Poder Judicial se concentran desde el a\u00f1o 1982 hasta ayer.<\/p>\n<p>Mil setecientos, s\u00ed. Y le juego un vino a que no me sabe citar m\u00e1s de cinco.<\/p>\n<p>Haga la prueba.<\/p>\n<p>Seguro que le vienen a la cabeza los nombres de G\u00fcrtel, Bankia, N\u00f3os, B\u00e1rcenas, el de los ERE\u00b4s falsos, y puede incluso que el Malaya, por la bochornosa sentencia. Pero dif\u00edcilmente recordar\u00e1 otros \u00abasuntos menores\u00bb \u2013n\u00f3tese la sorna\u2013 como el de la CAM, Campe\u00f3n, Pokemon o Emperador, o aquellos m\u00e1s alejados en el tiempo como Gescartera, Filesa, Rumasa, GAL, Naseiro, Banesto, Rold\u00e1n o Guerra, por citar algunos. En su momento llenaron portadas de peri\u00f3dicos y abrieron los noticiarios de la \u00e9poca; hoy no son m\u00e1s que cap\u00edtulos olvidados de nuestra vergonzante historia pol\u00edtica.<\/p>\n<p>Ahora le juego otro vino a que s\u00ed recuerda cu\u00e1ntas Eurocopas tiene la roja, en qu\u00e9 a\u00f1o conseguimos el mundial, d\u00f3nde, y hasta qui\u00e9n nos dio el gol de la victoria.<\/p>\n<p>Porque conviene esnifar el polvo blanco del triunfo que meter la nariz en nuestro propio retrete.<\/p>\n<p>Y porque somos caraduras de memoria endeble.<\/p>\n<p>&nbsp;<\/p>\n<p><strong>Web:<\/strong>\u00a0<a href=\"http:\/\/www.perezgellida.es\/\" rel=\"external nofollow\">www.perezgellida.es<\/a><\/p>\n<p><strong>Twitter:<\/strong>\u00a0<a href=\"https:\/\/twitter.com\/cpgellida\" rel=\"external nofollow\">@cpgellida<\/a><\/p>\n<p><strong>Facebook:<\/strong>\u00a0<a href=\"https:\/\/www.facebook.com\/cesar.perezgellida\" rel=\"external nofollow\">https:\/\/www.facebook.com\/cesar.perezgellida<\/a><\/p>\n","protected":false},"excerpt":{"rendered":"<p>Art\u00edculo de C\u00e9sar P\u00e9rez Gellida publicado en El Norte de Castilla el 17 de marzo de 1014. &nbsp; Cleptocracia: d\u00edcese de la forma de gobierno que se fundamenta en la sustracci\u00f3n de bienes ajenos. Ahora bien, no se vaya usted a pensar que se trata de un t\u00e9rmino que acu\u00f1aran en la Antigua Grecia; es, [&hellip;]<\/p>\n","protected":false},"author":32,"featured_media":0,"comment_status":"open","ping_status":"closed","sticky":false,"template":"","format":"standard","meta":[],"categories":[2],"tags":[],"_links":{"self":[{"href":"https:\/\/blogs.elnortedecastilla.es\/lacantinadelcalvo\/wp-json\/wp\/v2\/posts\/19"}],"collection":[{"href":"https:\/\/blogs.elnortedecastilla.es\/lacantinadelcalvo\/wp-json\/wp\/v2\/posts"}],"about":[{"href":"https:\/\/blogs.elnortedecastilla.es\/lacantinadelcalvo\/wp-json\/wp\/v2\/types\/post"}],"author":[{"embeddable":true,"href":"https:\/\/blogs.elnortedecastilla.es\/lacantinadelcalvo\/wp-json\/wp\/v2\/users\/32"}],"replies":[{"embeddable":true,"href":"https:\/\/blogs.elnortedecastilla.es\/lacantinadelcalvo\/wp-json\/wp\/v2\/comments?post=19"}],"version-history":[{"count":0,"href":"https:\/\/blogs.elnortedecastilla.es\/lacantinadelcalvo\/wp-json\/wp\/v2\/posts\/19\/revisions"}],"wp:attachment":[{"href":"https:\/\/blogs.elnortedecastilla.es\/lacantinadelcalvo\/wp-json\/wp\/v2\/media?parent=19"}],"wp:term":[{"taxonomy":"category","embeddable":true,"href":"https:\/\/blogs.elnortedecastilla.es\/lacantinadelcalvo\/wp-json\/wp\/v2\/categories?post=19"},{"taxonomy":"post_tag","embeddable":true,"href":"https:\/\/blogs.elnortedecastilla.es\/lacantinadelcalvo\/wp-json\/wp\/v2\/tags?post=19"}],"curies":[{"name":"wp","href":"https:\/\/api.w.org\/{rel}","templated":true}]}}