{"id":29,"date":"2014-04-15T08:24:15","date_gmt":"2014-04-15T06:24:15","guid":{"rendered":"http:\/\/blogs.elnortedecastilla.es\/lacantinadelcalvo\/?p=29"},"modified":"2014-04-15T08:24:15","modified_gmt":"2014-04-15T06:24:15","slug":"chaleco-antitodo","status":"publish","type":"post","link":"https:\/\/blogs.elnortedecastilla.es\/lacantinadelcalvo\/2014\/04\/15\/chaleco-antitodo\/","title":{"rendered":"Chaleco antitodo"},"content":{"rendered":"<p>Art\u00edculo de <strong>C\u00e9sar P\u00e9rez Gellida<\/strong> publicado el 14 de abril del 2014 en El Norte de Castilla.<\/p>\n<p>&nbsp;<\/p>\n<p>Cuando me enter\u00e9 de que la fecha de las elecciones europeas era\u00a0el 25 de mayo\u00a0no pude por menos que resoplar con hast\u00edo. Quedaban siete semanas completas, con todos sus d\u00edas, sus horas, sus minutos y segundos siendo bombardeados con propaganda pol\u00edtica de destrucci\u00f3n masiva; acribillados en el cl\u00e1sico cruce de falsas acusaciones; ametrallados sin piedad contra el pared\u00f3n de los medios de comunicaci\u00f3n para, inmediatamente despu\u00e9s, ser rematados con el cl\u00e1sico tiro de gracia participativo, ese que nos atraviesa el cerebro con proyectil del calibre \u00abvote\u00bb.<\/p>\n<p>Pero en esta ocasi\u00f3n, con este cantinero, han pinchado en hueso.<\/p>\n<p>Si tiene tiempo le sirvo un poco m\u00e1s de ese joven y se lo cuento.<\/p>\n<p>Resulta que he adquirido un chaleco \u00abantitodo\u00bb. Es infalible, ya nada me afecta. Como lo oye. Ahora, cuando leo un titular relacionado con aquellos que nos metieron o estos que nos van a sacar, paso p\u00e1gina como si tal cosa; en el momento en que escucho en la radio una palabra del listado tab\u00fa, cambio de emisora y, en cuanto reconozco en la TV un futuro candidato o un presente ya electo, mi dedo pulgar no para hasta encontrar la salida. Lo prob\u00e9 el d\u00eda que Esperanza Aguirre sali\u00f3 a dar explicaciones ante los medios por su acto cargado de soberbia y velada impunidad. Me lo puse nada m\u00e1s ver esa estudiada cara de anciana a la que se le ha escapado el gatito no sabe c\u00f3mo, se le ha subido al \u00e1rbol del vecino.<\/p>\n<p>Ni me enter\u00e9 de lo que arguy\u00f3.<\/p>\n<p>Adem\u00e1s, la prenda en cuesti\u00f3n no cuesta nada y, aunque no est\u00e1 fabricado en\u00a0<em>kevlar<\/em>\u00a0ni en grafeno, viene totalmente acolchado de indiferencia. Es ligero, auto ajustable,\u00a0<em>unisex<\/em>y talla \u00fanica.<\/p>\n<div>As\u00ed, cuando llegue la fecha se\u00f1alada pueden ocurrir dos cosas: que salga el sol o que no, pero este cantinero ya ha decidido que no pasa por las urnas. Y que gane el que le toque, que al d\u00eda siguiente va a seguir siendo lunes y aqu\u00ed abrimos.<\/div>\n<div><\/div>\n<div><\/div>\n<div>\n<p><strong>Web:<\/strong>\u00a0<a href=\"http:\/\/www.perezgellida.es\/\" rel=\"external nofollow\">www.perezgellida.es<\/a><\/p>\n<p><strong>Twitter:<\/strong>\u00a0<a href=\"https:\/\/twitter.com\/cpgellida\" rel=\"external nofollow\">@cpgellida<\/a><\/p>\n<p><strong>Facebook:<\/strong>\u00a0<a href=\"https:\/\/www.facebook.com\/cesar.perezgellida\" rel=\"external nofollow\">https:\/\/www.facebook.com\/cesar.perezgellida<\/a><\/p>\n<div><\/div>\n<div><\/div>\n<\/div>\n<p>&nbsp;<\/p>\n","protected":false},"excerpt":{"rendered":"<p>Art\u00edculo de C\u00e9sar P\u00e9rez Gellida publicado el 14 de abril del 2014 en El Norte de Castilla. &nbsp; Cuando me enter\u00e9 de que la fecha de las elecciones europeas era\u00a0el 25 de mayo\u00a0no pude por menos que resoplar con hast\u00edo. Quedaban siete semanas completas, con todos sus d\u00edas, sus horas, sus minutos y segundos siendo [&hellip;]<\/p>\n","protected":false},"author":32,"featured_media":0,"comment_status":"open","ping_status":"closed","sticky":false,"template":"","format":"standard","meta":[],"categories":[2],"tags":[],"_links":{"self":[{"href":"https:\/\/blogs.elnortedecastilla.es\/lacantinadelcalvo\/wp-json\/wp\/v2\/posts\/29"}],"collection":[{"href":"https:\/\/blogs.elnortedecastilla.es\/lacantinadelcalvo\/wp-json\/wp\/v2\/posts"}],"about":[{"href":"https:\/\/blogs.elnortedecastilla.es\/lacantinadelcalvo\/wp-json\/wp\/v2\/types\/post"}],"author":[{"embeddable":true,"href":"https:\/\/blogs.elnortedecastilla.es\/lacantinadelcalvo\/wp-json\/wp\/v2\/users\/32"}],"replies":[{"embeddable":true,"href":"https:\/\/blogs.elnortedecastilla.es\/lacantinadelcalvo\/wp-json\/wp\/v2\/comments?post=29"}],"version-history":[{"count":0,"href":"https:\/\/blogs.elnortedecastilla.es\/lacantinadelcalvo\/wp-json\/wp\/v2\/posts\/29\/revisions"}],"wp:attachment":[{"href":"https:\/\/blogs.elnortedecastilla.es\/lacantinadelcalvo\/wp-json\/wp\/v2\/media?parent=29"}],"wp:term":[{"taxonomy":"category","embeddable":true,"href":"https:\/\/blogs.elnortedecastilla.es\/lacantinadelcalvo\/wp-json\/wp\/v2\/categories?post=29"},{"taxonomy":"post_tag","embeddable":true,"href":"https:\/\/blogs.elnortedecastilla.es\/lacantinadelcalvo\/wp-json\/wp\/v2\/tags?post=29"}],"curies":[{"name":"wp","href":"https:\/\/api.w.org\/{rel}","templated":true}]}}