{"id":60,"date":"2014-06-23T20:23:02","date_gmt":"2014-06-23T18:23:02","guid":{"rendered":"http:\/\/blogs.elnortedecastilla.es\/lacantinadelcalvo\/?p=60"},"modified":"2014-06-23T20:23:02","modified_gmt":"2014-06-23T18:23:02","slug":"el-corsario-ultrajado","status":"publish","type":"post","link":"https:\/\/blogs.elnortedecastilla.es\/lacantinadelcalvo\/2014\/06\/23\/el-corsario-ultrajado\/","title":{"rendered":"El corsario ultrajado"},"content":{"rendered":"<p>Art\u00edculo de <strong>Cesar P\u00e9rez Gellida<\/strong> publicado en El Norte de Castilla el \u00a023 de junio de 2014.<\/p>\n<p>&nbsp;<\/p>\n<p>Me lo contaba mi amigo el escritor, algo abochornado por cierto. Resulta que su compa\u00f1ero de oficio, Juan G\u00f3mez-Jurado, ha tuiteado recientemente una captura de pantalla de una conocida p\u00e1gina de descargas ilegales en la que un corsario se quejaba amargamente de que otro bucanero como \u00e9l, pero con muy pocos principios, hab\u00eda tenido la desfachatez de robar sus enlaces piratas para que los clientes de su web pudieran hacerse gratuitamente con <em>El emblema del traidor, <\/em>novela firmada por el mencionado escritor.<\/p>\n<p>El corsario ultrajado no alcanzaba a comprender tama\u00f1a injusticia, aderezada alevosamente por haber sido perge\u00f1ada por un camarada que surca las mismas agitadas aguas de Internet.<\/p>\n<p>Muy feo el agravio. Terrible ofensa.<\/p>\n<p>La conversaci\u00f3n despert\u00f3 mi curiosidad sobre el mundo de las ventas digitales y quise saber.<\/p>\n<p>\u2013Las descargas legales significan entre un dos y un cinco por ciento de las ventas en papel y se estipula que por cada una de ellas se producen diez ilegalmente. Pero m\u00e1s all\u00e1 de las cifras \u2013continu\u00f3\u2013, el problema radica en que no existe percepci\u00f3n de delito por parte de quien descarga, ni siquiera del que se lucra subiendo estos contenidos robados a sus webs, como la del corsario ultrajado.<\/p>\n<p>Antes de despedirnos nos tomamos un vino por la salud de Juan G\u00f3mez-Jurado, otro por la del bucanero sin principios y otro m\u00e1s, como no, por la del corsario ultrajado.<\/p>\n<p>Percepci\u00f3n de delito. Me qued\u00e9 con esas palabras y las met\u00ed en la batidora de la corrupci\u00f3n que alimenta nuestro sistema pol\u00edtico y financiero. Sali\u00f3 esa pasta renegrida tras la que se parapetan los que meten la mano en la caja de todos con la firme convicci\u00f3n de que son inmunes. Porque navegan en aguas que conocen muy bien, donde sus camaradas no ultrajan lo que es suyo porque hay para todos. Porque la percepci\u00f3n de delito no existe hasta que un juez demuestre lo contrario. Y tal d\u00eda hizo un a\u00f1o, que se me termina la legislatura y que venga el siguiente, que lo m\u00edo lo tengo en Suiza como oro en pa\u00f1o.<\/p>\n<p>A todo esto, <em>El emblema del traidor<\/em> se puede comprar legalmente por el abusivo precio de 1,49 \u20ac.<\/p>\n<p>&nbsp;<\/p>\n<p><strong>Web:<\/strong>\u00a0<a href=\"http:\/\/www.perezgellida.es\/\" rel=\"external nofollow\">www.perezgellida.es<\/a><\/p>\n<p><strong>Twitter:<\/strong>\u00a0<a href=\"https:\/\/twitter.com\/cpgellida\" rel=\"external nofollow\">@cpgellida<\/a><\/p>\n<p><strong>Facebook:<\/strong>\u00a0<a href=\"https:\/\/www.facebook.com\/cesar.perezgellida\" rel=\"external nofollow\">https:\/\/www.facebook.com\/cesar.perezgellida<\/a><\/p>\n","protected":false},"excerpt":{"rendered":"<p>Art\u00edculo de Cesar P\u00e9rez Gellida publicado en El Norte de Castilla el \u00a023 de junio de 2014. &nbsp; Me lo contaba mi amigo el escritor, algo abochornado por cierto. Resulta que su compa\u00f1ero de oficio, Juan G\u00f3mez-Jurado, ha tuiteado recientemente una captura de pantalla de una conocida p\u00e1gina de descargas ilegales en la que un [&hellip;]<\/p>\n","protected":false},"author":32,"featured_media":0,"comment_status":"open","ping_status":"closed","sticky":false,"template":"","format":"standard","meta":[],"categories":[2],"tags":[],"_links":{"self":[{"href":"https:\/\/blogs.elnortedecastilla.es\/lacantinadelcalvo\/wp-json\/wp\/v2\/posts\/60"}],"collection":[{"href":"https:\/\/blogs.elnortedecastilla.es\/lacantinadelcalvo\/wp-json\/wp\/v2\/posts"}],"about":[{"href":"https:\/\/blogs.elnortedecastilla.es\/lacantinadelcalvo\/wp-json\/wp\/v2\/types\/post"}],"author":[{"embeddable":true,"href":"https:\/\/blogs.elnortedecastilla.es\/lacantinadelcalvo\/wp-json\/wp\/v2\/users\/32"}],"replies":[{"embeddable":true,"href":"https:\/\/blogs.elnortedecastilla.es\/lacantinadelcalvo\/wp-json\/wp\/v2\/comments?post=60"}],"version-history":[{"count":0,"href":"https:\/\/blogs.elnortedecastilla.es\/lacantinadelcalvo\/wp-json\/wp\/v2\/posts\/60\/revisions"}],"wp:attachment":[{"href":"https:\/\/blogs.elnortedecastilla.es\/lacantinadelcalvo\/wp-json\/wp\/v2\/media?parent=60"}],"wp:term":[{"taxonomy":"category","embeddable":true,"href":"https:\/\/blogs.elnortedecastilla.es\/lacantinadelcalvo\/wp-json\/wp\/v2\/categories?post=60"},{"taxonomy":"post_tag","embeddable":true,"href":"https:\/\/blogs.elnortedecastilla.es\/lacantinadelcalvo\/wp-json\/wp\/v2\/tags?post=60"}],"curies":[{"name":"wp","href":"https:\/\/api.w.org\/{rel}","templated":true}]}}