{"id":61,"date":"2014-06-30T13:24:19","date_gmt":"2014-06-30T11:24:19","guid":{"rendered":"http:\/\/blogs.elnortedecastilla.es\/lacantinadelcalvo\/?p=61"},"modified":"2014-06-30T13:24:19","modified_gmt":"2014-06-30T11:24:19","slug":"cerrado-por-vacaciones","status":"publish","type":"post","link":"https:\/\/blogs.elnortedecastilla.es\/lacantinadelcalvo\/2014\/06\/30\/cerrado-por-vacaciones\/","title":{"rendered":"Cerrado por vacaciones"},"content":{"rendered":"<div>Art\u00edculo de <strong>C\u00e9sar P\u00e9rez Gellida<\/strong> publicado en El Norte de Castilla el 30 de junio de 2014<\/div>\n<div><\/div>\n<div>No s\u00e9 si nos las merecemos o no, pero la Cantina del Calvo cierra hoy por vacaciones. Desde febrero hemos puesto muchos asuntos encima de esta barra, tantos como los que se nos han escapado entre los mimbres de nuestra alocada actualidad.<\/div>\n<div>Toca hacer balance de estos cuatro meses. Tome asiento y d\u00e9jeme que le sirva uno que tengo guardado para la ocasi\u00f3n.<\/div>\n<div>En clave pol\u00edtica habr\u00eda que destacar la irrupci\u00f3n de Podemos que, al margen ideolog\u00edas e idearios, parece que podr\u00eda resultar beneficioso para paliar los\u00a0 achaques bipartidistas de nuestra democracia. Rubalcaba se va y otro vendr\u00e1, como las oscuras gaviotas, en tu balc\u00f3n sus nidos a colgar. Tambi\u00e9n hemos asistido al adi\u00f3s de un rey, acorralado en el empe\u00f1o por lavar la cara de una instituci\u00f3n a la que le han salido muchas manchas, espinillas de la corrupci\u00f3n. Felipe VI debuta antes de tiempo y apunta maneras, pero el tiempo dictar\u00e1 sentencia, como con su hermana la Infanta si la fiscal\u00eda no lo impide.<\/div>\n<div>Deportivamente, el f\u00fatbol sembr\u00f3 de sonrisas la capital, repartiendo t\u00edtulos a madridistas y atl\u00e9ticos; en Barcelona festejaron los amantes del balonmano y el baloncesto. Paralelamente, Valladolid se consolidaba como capital del rugby espa\u00f1ol y Rafa Nadal como rey de reyes en Roland Garros. El bofet\u00f3n nos lleg\u00f3 desde Brasil, donde fuimos a por la segunda estrella y volvimos estrellados, por la puerta de atr\u00e1s y la cara del color de la camiseta.<\/div>\n<div>Fuera de nuestras fronteras nos seguimos matando, ahora en Ucrania, ahora en Sud\u00e1n, pero siempre siempre en las pacificadas Iraq y Afganist\u00e1n.<\/div>\n<div>\u2013\u00bfY los mercados?<\/div>\n<div>\u2013\u00a1Y qu\u00e9 m\u00e1s da! Por aqu\u00ed sigue habiendo mucho paro y nuestros j\u00f3venes se van. \u00a1Pero sigamos mir\u00e1ndonos al ombligo, confiando en que salga sol, y luzca, y cuando llegue el invierno&#8230;, que otro nos preste su abrigo.<\/div>\n<div>Cerramos, s\u00ed, pero volveremos en septiembre, que con un poco de buen vino y mucha mala leche no hay quien se disperse, que como dice un amigo m\u00edo pelirrojo:<\/div>\n<div>\u00ab\u00a1Hay que joderse!\u00bb.<\/div>\n<div><\/div>\n<div>\n<p><strong>Web:<\/strong>\u00a0<a href=\"http:\/\/www.perezgellida.es\/\" rel=\"external nofollow\">www.perezgellida.es<\/a><\/p>\n<p><strong>Twitter:<\/strong>\u00a0<a href=\"https:\/\/twitter.com\/cpgellida\" rel=\"external nofollow\">@cpgellida<\/a><\/p>\n<p><strong>Facebook:<\/strong>\u00a0<a href=\"https:\/\/www.facebook.com\/cesar.perezgellida\" rel=\"external nofollow\">https:\/\/www.facebook.com\/cesar.perezgellida<\/a><\/p>\n<\/div>\n","protected":false},"excerpt":{"rendered":"<p>Art\u00edculo de C\u00e9sar P\u00e9rez Gellida publicado en El Norte de Castilla el 30 de junio de 2014 No s\u00e9 si nos las merecemos o no, pero la Cantina del Calvo cierra hoy por vacaciones. Desde febrero hemos puesto muchos asuntos encima de esta barra, tantos como los que se nos han escapado entre los mimbres [&hellip;]<\/p>\n","protected":false},"author":32,"featured_media":0,"comment_status":"open","ping_status":"closed","sticky":false,"template":"","format":"standard","meta":[],"categories":[2],"tags":[],"_links":{"self":[{"href":"https:\/\/blogs.elnortedecastilla.es\/lacantinadelcalvo\/wp-json\/wp\/v2\/posts\/61"}],"collection":[{"href":"https:\/\/blogs.elnortedecastilla.es\/lacantinadelcalvo\/wp-json\/wp\/v2\/posts"}],"about":[{"href":"https:\/\/blogs.elnortedecastilla.es\/lacantinadelcalvo\/wp-json\/wp\/v2\/types\/post"}],"author":[{"embeddable":true,"href":"https:\/\/blogs.elnortedecastilla.es\/lacantinadelcalvo\/wp-json\/wp\/v2\/users\/32"}],"replies":[{"embeddable":true,"href":"https:\/\/blogs.elnortedecastilla.es\/lacantinadelcalvo\/wp-json\/wp\/v2\/comments?post=61"}],"version-history":[{"count":0,"href":"https:\/\/blogs.elnortedecastilla.es\/lacantinadelcalvo\/wp-json\/wp\/v2\/posts\/61\/revisions"}],"wp:attachment":[{"href":"https:\/\/blogs.elnortedecastilla.es\/lacantinadelcalvo\/wp-json\/wp\/v2\/media?parent=61"}],"wp:term":[{"taxonomy":"category","embeddable":true,"href":"https:\/\/blogs.elnortedecastilla.es\/lacantinadelcalvo\/wp-json\/wp\/v2\/categories?post=61"},{"taxonomy":"post_tag","embeddable":true,"href":"https:\/\/blogs.elnortedecastilla.es\/lacantinadelcalvo\/wp-json\/wp\/v2\/tags?post=61"}],"curies":[{"name":"wp","href":"https:\/\/api.w.org\/{rel}","templated":true}]}}