{"id":69,"date":"2014-10-06T08:02:47","date_gmt":"2014-10-06T06:02:47","guid":{"rendered":"http:\/\/blogs.elnortedecastilla.es\/lacantinadelcalvo\/?p=69"},"modified":"2014-10-06T08:02:47","modified_gmt":"2014-10-06T06:02:47","slug":"el-aguante","status":"publish","type":"post","link":"https:\/\/blogs.elnortedecastilla.es\/lacantinadelcalvo\/2014\/10\/06\/el-aguante\/","title":{"rendered":"El Aguante"},"content":{"rendered":"<p>Art\u00edculo de <strong>C\u00e9sar P\u00e9rez Gellida<\/strong> publicado en El Norte de Castilla 6 de octubre de 2012<\/p>\n<p>&nbsp;<\/p>\n<p>Seguramente haya o\u00eddo hablar de ellos y es m\u00e1s que probable que conozca algunas de sus canciones. Son dos hermanastros de Puerto Rico \u2013Ren\u00e9 P\u00e9rez y Eduardo Cabra, y hacen m\u00fasica urbana, rap fusi\u00f3n mezclada con mil corrientes y estilos, aderezada por ritmos propios del folclore latino con otros tan dispares como el rock o el ska. M\u00fasica imposible de clasificar. Sin embargo, para muchos lo que m\u00e1s destaca de este grupo son las letras de sus canciones, reivindicativas, \u00e1cidas, hirientes, tintadas de denuncia social y protesta callejera.<\/p>\n<p>Les hablo de Calle 13. Sus cinco LP\u00b4s han sido galardonados con multitud de premios de la Industria Musical y se han ganado el reconocimiento de millones de seguidores en todo el mundo.<\/p>\n<p>Aqu\u00ed en La Cantina suena mucho, sobre todo despu\u00e9s del telediario.<\/p>\n<p>Uno de sus temas, <em>El Aguante<\/em>, podr\u00eda ser la esencia l\u00edrica y vergonzante del papel que desempe\u00f1a el ciudadano de hoy en ambos hemisferios, en cualquier latitud y longitud de este planeta que tan mal poblamos. Porque a pesar de que nos pueda parecer que lo que nos escandaliza dentro de nuestras fronteras no es muy distinto a lo que ocurre en otros territorios, todo, absolutamente, obedece a un sistema que se sostiene en un \u00fanico pilar: unos pocos mandan y el resto aguantan; aguantamos.<\/p>\n<p>Aguantamos lo que nos echen y damos las gracias por el plato, aguantamos la mentira disfrazada de verdad y digerimos del dato. Aguantamos al pol\u00edtico que roba y conspira, aguantamos porque el que habla mucho poco respira. Aguantamos la doctrina impuesta y la tragamos celebrando el gol de Iniesta. Aguantamos estoicamente, de forma mezquina, aguantamos lo que esconden en sus vitrinas. Aguantamos al que nos controla y domina, al que nos tira la comida, aguantamos al banquero que nos lleva a la ruina.<\/p>\n<p>Aguantamos, co\u00f1o, aguantamos hasta el vino de esta cantina.<\/p>\n<p>Y como suena en la canci\u00f3n: \u00ab\u00a1Que aguanten la revancha, venimos al desquite, hoy nuestro h\u00edgado aguanta lo que la barra invite!\u00bb.<\/p>\n<p>&nbsp;<\/p>\n<p>Web:\u00a0<a href=\"http:\/\/www.perezgellida.es\/\" rel=\"external nofollow\">www.perezgellida.es<\/a><\/p>\n<p>Twitter:\u00a0<a href=\"https:\/\/twitter.com\/cpgellida\" rel=\"external nofollow\">@cpgellida<\/a><\/p>\n<p>Facebook:\u00a0<a href=\"https:\/\/www.facebook.com\/cesar.perezgellida\" rel=\"external nofollow\">https:\/\/www.facebook.com\/cesar.perezgellida<\/a><\/p>\n","protected":false},"excerpt":{"rendered":"<p>Art\u00edculo de C\u00e9sar P\u00e9rez Gellida publicado en El Norte de Castilla 6 de octubre de 2012 &nbsp; Seguramente haya o\u00eddo hablar de ellos y es m\u00e1s que probable que conozca algunas de sus canciones. Son dos hermanastros de Puerto Rico \u2013Ren\u00e9 P\u00e9rez y Eduardo Cabra, y hacen m\u00fasica urbana, rap fusi\u00f3n mezclada con mil corrientes [&hellip;]<\/p>\n","protected":false},"author":32,"featured_media":0,"comment_status":"open","ping_status":"closed","sticky":false,"template":"","format":"standard","meta":[],"categories":[2],"tags":[],"_links":{"self":[{"href":"https:\/\/blogs.elnortedecastilla.es\/lacantinadelcalvo\/wp-json\/wp\/v2\/posts\/69"}],"collection":[{"href":"https:\/\/blogs.elnortedecastilla.es\/lacantinadelcalvo\/wp-json\/wp\/v2\/posts"}],"about":[{"href":"https:\/\/blogs.elnortedecastilla.es\/lacantinadelcalvo\/wp-json\/wp\/v2\/types\/post"}],"author":[{"embeddable":true,"href":"https:\/\/blogs.elnortedecastilla.es\/lacantinadelcalvo\/wp-json\/wp\/v2\/users\/32"}],"replies":[{"embeddable":true,"href":"https:\/\/blogs.elnortedecastilla.es\/lacantinadelcalvo\/wp-json\/wp\/v2\/comments?post=69"}],"version-history":[{"count":0,"href":"https:\/\/blogs.elnortedecastilla.es\/lacantinadelcalvo\/wp-json\/wp\/v2\/posts\/69\/revisions"}],"wp:attachment":[{"href":"https:\/\/blogs.elnortedecastilla.es\/lacantinadelcalvo\/wp-json\/wp\/v2\/media?parent=69"}],"wp:term":[{"taxonomy":"category","embeddable":true,"href":"https:\/\/blogs.elnortedecastilla.es\/lacantinadelcalvo\/wp-json\/wp\/v2\/categories?post=69"},{"taxonomy":"post_tag","embeddable":true,"href":"https:\/\/blogs.elnortedecastilla.es\/lacantinadelcalvo\/wp-json\/wp\/v2\/tags?post=69"}],"curies":[{"name":"wp","href":"https:\/\/api.w.org\/{rel}","templated":true}]}}