{"id":71,"date":"2014-10-13T08:01:50","date_gmt":"2014-10-13T06:01:50","guid":{"rendered":"http:\/\/blogs.elnortedecastilla.es\/lacantinadelcalvo\/?p=71"},"modified":"2014-10-13T08:01:50","modified_gmt":"2014-10-13T06:01:50","slug":"harry-hole","status":"publish","type":"post","link":"https:\/\/blogs.elnortedecastilla.es\/lacantinadelcalvo\/2014\/10\/13\/harry-hole\/","title":{"rendered":"Harry Hole"},"content":{"rendered":"<p>Art\u00edculo de <strong>C\u00e9sar P\u00e9rez Gellida<\/strong> publicado en El Norte de Castilla el 13 de octubre de 2014<\/p>\n<p>&nbsp;<\/p>\n<p>Ven\u00eda tan emocionado que se pag\u00f3 una ronda.<\/p>\n<p>Ya les he hablado alguna vez de mi cliente el escritor. Seg\u00fan me cont\u00f3, en la pr\u00f3xima edici\u00f3n de Getafe Negro \u2013que tendr\u00e1 lugar entre el 16 y el 26 de octubre en la citada localidad madrile\u00f1a\u2013 una de las personalidades destacadas ser\u00e1 un noruego llamado Jo Nesbo y que, tal y como me confes\u00f3, se trata de uno de sus autores de cabecera y un espejo en el que poder mirarse.<\/p>\n<p>As\u00ed me lo narraba mientras disfrutaba de un crianza en condiciones:<\/p>\n<p>\u00abNesbo es un referente mundial en novela negra gracias a la serie protagonizada por Harry Hole, un at\u00edpico investigador perteneciente al grupo de delitos violentos de Oslo. En nuestro pa\u00eds se acaba de publicar \u2013con cinco a\u00f1os de retraso\u2013 la octava entrega: <em>El leopardo<\/em>, pero cuenta con otras dos novelas m\u00e1s que\u00a0 completan la decena de serie y otras tantas independientes. Harry Hole mide 1.95 cm, es de complexi\u00f3n atl\u00e9tica, rubio, con el pelo cortado a cepillo, orejas y nariz desproporcionadas y labios finos, casi femeninos. Sin embargo, son los ojos el rasgo f\u00edsico que m\u00e1s destaca, siempre poblados por esa red de finas venas enrojecidas caracter\u00edsticas de los alcoh\u00f3licos, como lo es \u00e9l. Pero Harry Hole tiene otro problema m\u00e1s grave, relacionado con el coraz\u00f3n, haciendo que en ocasiones se muestre endeble, incluso torpe, como si se tratara de una persona. Profesionalmente huye de la intuici\u00f3n y se basa en su propio m\u00e9todo, plagado de normas que \u00e9l mismo se encarga de romper cada vez que se enfrenta con uno de esos enrevesados casos, tan imposibles que suenan a pura realidad\u00bb.<\/p>\n<p>Cuando termin\u00f3 con la descripci\u00f3n le ped\u00ed que, si ten\u00eda ocasi\u00f3n, consultara al tal Nesbo sobre lo que har\u00eda su Harry Hole si trabajara como investigador en Espa\u00f1a, en la fiscal\u00eda anticorrupci\u00f3n, por ejemplo.<\/p>\n<p>Mi cliente se march\u00f3 cabizbajo, jodido, y ya en la puerta me dijo sin girarse:<\/p>\n<p>\u2013Seguramente se hubiera enrolado en un ballenero hace ya mucho tiempo y estar\u00eda arponeando cet\u00e1ceos junto a Elpidio Jos\u00e9 Silva.<\/p>\n<p>&nbsp;<\/p>\n<p>Web:\u00a0<a href=\"http:\/\/www.perezgellida.es\/\" rel=\"external nofollow\">www.perezgellida.es<\/a><\/p>\n<p>Twitter:\u00a0<a href=\"https:\/\/twitter.com\/cpgellida\" rel=\"external nofollow\">@cpgellida<\/a><\/p>\n<p>Facebook:\u00a0<a href=\"https:\/\/www.facebook.com\/cesar.perezgellida\" rel=\"external nofollow\">https:\/\/www.facebook.com\/cesar.perezgellida<\/a><\/p>\n","protected":false},"excerpt":{"rendered":"<p>Art\u00edculo de C\u00e9sar P\u00e9rez Gellida publicado en El Norte de Castilla el 13 de octubre de 2014 &nbsp; Ven\u00eda tan emocionado que se pag\u00f3 una ronda. Ya les he hablado alguna vez de mi cliente el escritor. Seg\u00fan me cont\u00f3, en la pr\u00f3xima edici\u00f3n de Getafe Negro \u2013que tendr\u00e1 lugar entre el 16 y el [&hellip;]<\/p>\n","protected":false},"author":32,"featured_media":0,"comment_status":"open","ping_status":"closed","sticky":false,"template":"","format":"standard","meta":[],"categories":[2],"tags":[],"_links":{"self":[{"href":"https:\/\/blogs.elnortedecastilla.es\/lacantinadelcalvo\/wp-json\/wp\/v2\/posts\/71"}],"collection":[{"href":"https:\/\/blogs.elnortedecastilla.es\/lacantinadelcalvo\/wp-json\/wp\/v2\/posts"}],"about":[{"href":"https:\/\/blogs.elnortedecastilla.es\/lacantinadelcalvo\/wp-json\/wp\/v2\/types\/post"}],"author":[{"embeddable":true,"href":"https:\/\/blogs.elnortedecastilla.es\/lacantinadelcalvo\/wp-json\/wp\/v2\/users\/32"}],"replies":[{"embeddable":true,"href":"https:\/\/blogs.elnortedecastilla.es\/lacantinadelcalvo\/wp-json\/wp\/v2\/comments?post=71"}],"version-history":[{"count":0,"href":"https:\/\/blogs.elnortedecastilla.es\/lacantinadelcalvo\/wp-json\/wp\/v2\/posts\/71\/revisions"}],"wp:attachment":[{"href":"https:\/\/blogs.elnortedecastilla.es\/lacantinadelcalvo\/wp-json\/wp\/v2\/media?parent=71"}],"wp:term":[{"taxonomy":"category","embeddable":true,"href":"https:\/\/blogs.elnortedecastilla.es\/lacantinadelcalvo\/wp-json\/wp\/v2\/categories?post=71"},{"taxonomy":"post_tag","embeddable":true,"href":"https:\/\/blogs.elnortedecastilla.es\/lacantinadelcalvo\/wp-json\/wp\/v2\/tags?post=71"}],"curies":[{"name":"wp","href":"https:\/\/api.w.org\/{rel}","templated":true}]}}