{"id":73,"date":"2014-10-20T08:08:24","date_gmt":"2014-10-20T06:08:24","guid":{"rendered":"http:\/\/blogs.elnortedecastilla.es\/lacantinadelcalvo\/?p=73"},"modified":"2014-10-20T08:08:24","modified_gmt":"2014-10-20T06:08:24","slug":"kobani","status":"publish","type":"post","link":"https:\/\/blogs.elnortedecastilla.es\/lacantinadelcalvo\/2014\/10\/20\/kobani\/","title":{"rendered":"Kobani"},"content":{"rendered":"<p>Art\u00edculo de <strong>C\u00e9sar P\u00e9rez Gellida<\/strong> publicado en El Norte de Castilla el 20 de octubre de 2014<\/p>\n<p>&nbsp;<\/p>\n<p>Amanec\u00eda. Amin Fajar escrut\u00f3 el exterior antes de atreverse a poner una sandalia en la calle. Se cumpl\u00eda el noveno d\u00eda sin poder salir de su casa, atrapados en el sector enemigo en su propia ciudad. \u00c9l podr\u00eda aguantar un par de d\u00edas m\u00e1s, pero su esposa, Ashti, le hab\u00eda rogado que consiguiera alimentos para los ni\u00f1os, porque los tres peque\u00f1os ya no ten\u00edan energ\u00eda ni para llorar; la mayor, Chuwan, no hab\u00eda salido de su cuarto desde que se escucharan los primeros estallidos de la artiller\u00eda del Estado Isl\u00e1mico.<\/p>\n<p>Hac\u00eda unas horas que hab\u00edan dejado de o\u00edrse las r\u00e1fagas de las armas ligeras y por la radio hab\u00eda escuchado que los suyos \u2013las Unidades de Protecci\u00f3n Popular\u2013 hab\u00edan rechazado los ataques de los yihadistas durante la madrugada. Amin ten\u00eda que llegar hasta la tienda del se\u00f1or Shahin, a solo cuatro calles de distancia. Lo consideraba un hombre piadoso y sab\u00eda que sol\u00eda guardar algunas conservas en el s\u00f3tano.<\/p>\n<p>Era el momento.<\/p>\n<p>Cogi\u00f3 aire y corri\u00f3 todo lo que pudo sin mirar atr\u00e1s. Se sab\u00eda el camino de memoria, tan solo ten\u00eda que esquivar los cascotes desprendidos de los edificios y los boquetes provocados por las granadas de mortero. No levant\u00f3 la vista del suelo hasta que se dio de bruces con la puerta de la tienda; cerrada. Maldijo en su kurdo materno mientras pensaba en una alternativa, pero el instinto le advirti\u00f3 de que le estaban observando. Y entonces s\u00ed, alz\u00f3 la mirada.<\/p>\n<p>Decenas de ojos, todos inertes; cabezas cortadas y clavadas en picas, algunas con la boca abierta y la lengua arrancada, otras con las cuencas de los ojos vac\u00edas. Ancianos, mujeres y ni\u00f1os. Muchos rostros an\u00f3nimos y algunos conocidos, como el del se\u00f1or Shahin y su esposa.<\/p>\n<p>Paralizado, aturdido, ni siquiera se percat\u00f3 de la bala que le subray\u00f3 el \u00faltimo pensamiento: \u00abTengo que volver con mi familia\u00bb.<\/p>\n<p>Esto no es el principio de una novela de mi cliente el escritor.<\/p>\n<p>Esto es Kobani, en el norte de Siria, y sucedi\u00f3 antes de ayer.<\/p>\n<p>&nbsp;<\/p>\n<p>Web:\u00a0<a href=\"http:\/\/www.perezgellida.es\/\" rel=\"external nofollow\">www.perezgellida.es<\/a><\/p>\n<p>Twitter:\u00a0<a href=\"https:\/\/twitter.com\/cpgellida\" rel=\"external nofollow\">@cpgellida<\/a><\/p>\n<p>Facebook:\u00a0<a href=\"https:\/\/www.facebook.com\/cesar.perezgellida\" rel=\"external nofollow\">https:\/\/www.facebook.com\/cesar.perezgellida<\/a><\/p>\n","protected":false},"excerpt":{"rendered":"<p>Art\u00edculo de C\u00e9sar P\u00e9rez Gellida publicado en El Norte de Castilla el 20 de octubre de 2014 &nbsp; Amanec\u00eda. Amin Fajar escrut\u00f3 el exterior antes de atreverse a poner una sandalia en la calle. Se cumpl\u00eda el noveno d\u00eda sin poder salir de su casa, atrapados en el sector enemigo en su propia ciudad. \u00c9l [&hellip;]<\/p>\n","protected":false},"author":32,"featured_media":0,"comment_status":"open","ping_status":"closed","sticky":false,"template":"","format":"standard","meta":[],"categories":[2],"tags":[],"_links":{"self":[{"href":"https:\/\/blogs.elnortedecastilla.es\/lacantinadelcalvo\/wp-json\/wp\/v2\/posts\/73"}],"collection":[{"href":"https:\/\/blogs.elnortedecastilla.es\/lacantinadelcalvo\/wp-json\/wp\/v2\/posts"}],"about":[{"href":"https:\/\/blogs.elnortedecastilla.es\/lacantinadelcalvo\/wp-json\/wp\/v2\/types\/post"}],"author":[{"embeddable":true,"href":"https:\/\/blogs.elnortedecastilla.es\/lacantinadelcalvo\/wp-json\/wp\/v2\/users\/32"}],"replies":[{"embeddable":true,"href":"https:\/\/blogs.elnortedecastilla.es\/lacantinadelcalvo\/wp-json\/wp\/v2\/comments?post=73"}],"version-history":[{"count":0,"href":"https:\/\/blogs.elnortedecastilla.es\/lacantinadelcalvo\/wp-json\/wp\/v2\/posts\/73\/revisions"}],"wp:attachment":[{"href":"https:\/\/blogs.elnortedecastilla.es\/lacantinadelcalvo\/wp-json\/wp\/v2\/media?parent=73"}],"wp:term":[{"taxonomy":"category","embeddable":true,"href":"https:\/\/blogs.elnortedecastilla.es\/lacantinadelcalvo\/wp-json\/wp\/v2\/categories?post=73"},{"taxonomy":"post_tag","embeddable":true,"href":"https:\/\/blogs.elnortedecastilla.es\/lacantinadelcalvo\/wp-json\/wp\/v2\/tags?post=73"}],"curies":[{"name":"wp","href":"https:\/\/api.w.org\/{rel}","templated":true}]}}