{"id":74,"date":"2014-10-27T08:19:29","date_gmt":"2014-10-27T07:19:29","guid":{"rendered":"http:\/\/blogs.elnortedecastilla.es\/lacantinadelcalvo\/?p=74"},"modified":"2014-10-27T08:19:29","modified_gmt":"2014-10-27T07:19:29","slug":"cabroncetenicolas","status":"publish","type":"post","link":"https:\/\/blogs.elnortedecastilla.es\/lacantinadelcalvo\/2014\/10\/27\/cabroncetenicolas\/","title":{"rendered":"El cabroncete Nicol\u00e1s"},"content":{"rendered":"<p>Art\u00edculo de <strong>C\u00e9sar P\u00e9rez Gellida<\/strong> publicado en El Norte de Castilla el 27 de octubre de 2014<\/p>\n<p>&nbsp;<\/p>\n<p>Algunos pensar\u00e1n que este adolescente con cara de estudiante de primera bancada y atuendo oficial de empresario de \u00e9xito es el joven m\u00e1s listo que ha dado nuestro pa\u00eds desde que muriera Antonio P\u00e9rez, Secretario del Consejo de Estado con Felipe II. La diferencia radica en que este \u00faltimo adem\u00e1s era inteligente, a la par que gran manipulador, asesino inductor y brillante estafador.<\/p>\n<p>Los hechos apuntan a que Francisco Nicol\u00e1s, inmerso en un procaz delirio megal\u00f3mano, ha estafado unos cuantos miles de euros a empresarios de los de verdad. Resulta muy dif\u00edcil de entender que alguien que sea capaz de anudarse una corbata haya cre\u00eddo que este pubescente fuera agente del CNI, o pudiera estar desempe\u00f1ando un cargo de asesor del Gobierno, que conociera personalmente a Vladimir y Barack, o mejor a\u00fan: que fuera testaferro del jefe del Estado espa\u00f1ol, Felipe VI.<\/p>\n<p>El chaval merece un Goya.<\/p>\n<p>Es para descojonarse vivo o morirse de la risa, lo s\u00e9, aunque en esta cantina tememos que los empresarios que presuntamente han sido enga\u00f1ados por este mocete de mirada triste y peinado aznaroso no estar\u00e1n\u00a0de acuerdo. El juez que instruye el caso no daba cr\u00e9dito tal y como reconoce en el auto, pero todo parece indicar que, este veintea\u00f1ero que tiene por modelo declarado a Alejandro Agag \u2013h\u00e1gase cargo, su se\u00f1or\u00eda, porque podr\u00eda ser considerado como agravante\u2013, se la ha metido doblada a m\u00e1s de dos.<\/p>\n<p>De los padres biol\u00f3gicos lo \u00fanico que se sabe es que apoyan incondicionalmente la teor\u00eda que sostiene que una mano negra se la ha jugado a su tierno biso\u00f1o. Resta por saber qu\u00e9 dice el resto de su \u00abfamilia\u00bb, esa que, con su conducta ejemplar, amamant\u00f3 los idilios de grandeza del peque\u00f1o Nicol\u00e1s para convertirlo en un peque\u00f1o cabroncete; esos que aseguraban que Espa\u00f1a iba bien y omit\u00edan el resto de la frase: \u00ab&#8230;pero solo para mis amigos\u00bb; esos que posaban tan alegremente en los <em>collage<\/em> de Nicol\u00e1s.<\/p>\n<p>Porque de otra forma, esta y otras historias no se entienden, ni se entender\u00edan, porque son como los unicornios: de fantas\u00eda.<\/p>\n<p>&nbsp;<\/p>\n<p>Web:\u00a0<a href=\"http:\/\/www.perezgellida.es\/\" rel=\"external nofollow\">www.perezgellida.es<\/a><\/p>\n<p>Twitter:\u00a0<a href=\"https:\/\/twitter.com\/cpgellida\" rel=\"external nofollow\">@cpgellida<\/a><\/p>\n<p>Facebook:\u00a0<a href=\"https:\/\/www.facebook.com\/cesar.perezgellida\" rel=\"external nofollow\">https:\/\/www.facebook.com\/cesar.perezgellida<\/a><\/p>\n","protected":false},"excerpt":{"rendered":"<p>Art\u00edculo de C\u00e9sar P\u00e9rez Gellida publicado en El Norte de Castilla el 27 de octubre de 2014 &nbsp; Algunos pensar\u00e1n que este adolescente con cara de estudiante de primera bancada y atuendo oficial de empresario de \u00e9xito es el joven m\u00e1s listo que ha dado nuestro pa\u00eds desde que muriera Antonio P\u00e9rez, Secretario del Consejo [&hellip;]<\/p>\n","protected":false},"author":32,"featured_media":0,"comment_status":"open","ping_status":"closed","sticky":false,"template":"","format":"standard","meta":[],"categories":[2],"tags":[],"_links":{"self":[{"href":"https:\/\/blogs.elnortedecastilla.es\/lacantinadelcalvo\/wp-json\/wp\/v2\/posts\/74"}],"collection":[{"href":"https:\/\/blogs.elnortedecastilla.es\/lacantinadelcalvo\/wp-json\/wp\/v2\/posts"}],"about":[{"href":"https:\/\/blogs.elnortedecastilla.es\/lacantinadelcalvo\/wp-json\/wp\/v2\/types\/post"}],"author":[{"embeddable":true,"href":"https:\/\/blogs.elnortedecastilla.es\/lacantinadelcalvo\/wp-json\/wp\/v2\/users\/32"}],"replies":[{"embeddable":true,"href":"https:\/\/blogs.elnortedecastilla.es\/lacantinadelcalvo\/wp-json\/wp\/v2\/comments?post=74"}],"version-history":[{"count":0,"href":"https:\/\/blogs.elnortedecastilla.es\/lacantinadelcalvo\/wp-json\/wp\/v2\/posts\/74\/revisions"}],"wp:attachment":[{"href":"https:\/\/blogs.elnortedecastilla.es\/lacantinadelcalvo\/wp-json\/wp\/v2\/media?parent=74"}],"wp:term":[{"taxonomy":"category","embeddable":true,"href":"https:\/\/blogs.elnortedecastilla.es\/lacantinadelcalvo\/wp-json\/wp\/v2\/categories?post=74"},{"taxonomy":"post_tag","embeddable":true,"href":"https:\/\/blogs.elnortedecastilla.es\/lacantinadelcalvo\/wp-json\/wp\/v2\/tags?post=74"}],"curies":[{"name":"wp","href":"https:\/\/api.w.org\/{rel}","templated":true}]}}