{"id":102,"date":"2014-10-22T06:55:39","date_gmt":"2014-10-22T06:55:39","guid":{"rendered":"http:\/\/blogs.elnortedecastilla.es\/lolaleonardo\/?p=102"},"modified":"2014-10-22T06:55:39","modified_gmt":"2014-10-22T06:55:39","slug":"los-dardenne-en-villatordos","status":"publish","type":"post","link":"https:\/\/blogs.elnortedecastilla.es\/lolaleonardo\/2014\/10\/22\/los-dardenne-en-villatordos\/","title":{"rendered":"Los Dardenne en Villatordos"},"content":{"rendered":"<p>Sacrificamos perros sospechosos de contagiarnos lealtad; damos de comer sopa con gusanos a los ni\u00f1os en los comedores escolares (p\u00fablicos); llamamos cerdos (lo m\u00e1s tierno) a los usuarios de las tarjetas black y soportamos y mantenemos a pollinos de solemnidad en todo ese conglomerado de gobiernos. Y luego se preguntan por qu\u00e9 Villatordos del Regato quiere proclamarse rep\u00fablica independiente. Hasta a m\u00ed sola me dan ganas, desde el felpudo con gato tumbado hasta el patio trasero salpicado de hierbabuena.<\/p>\n<p>En esa tranquila aldea del p\u00e1ramo de ninguna parte aman a sus animales (sin carga er\u00f3tica), los protegen (por si hay carga v\u00edrica) y se aprovechan de ellos (sin carga de deuda ni venta de preferentes) a la vez que los alimentan y los dan cobijo (sin carga de reproches ni carga impositiva). Tienen adem\u00e1s, por norma at\u00e1vica, no echar en el puchero\u00a0 ning\u00fan animal rastrero, salvo que se cuele en el mondongo alguna mosca beoda de sol. No mantienen clero porque el \u00faltimo cura arrampl\u00f3 con el cepillo de las misiones para cepillarse al Greisqueli, un muchacho imberbe y rubio trigo que a\u00fan le acompa\u00f1a en su carrera hacia el estrellato de la prelatura.<\/p>\n<p>Con el dinero que se han ahorrado de pasar la cesta, los de Villatordos han construido un agropuerto para guardar tractores y han comprado libros para una biblioteca que albergaba \u00fanicamente telara\u00f1as y una placa con el nombre de un consejero desmemoriado de cultura (no alterar el orden de estas \u00faltimas cuatro palabras). Despu\u00e9s de sanear el sistema de alcantarillado y conseguir con s\u00faplicas la se\u00f1al de la teuve p\u00fablica, les ha sobrado dinero para comprar abonos en Seminci. Todos tienen sus entradas, menos el panadero, que no ha vuelto al cine desde que el cine abandon\u00f3 a \u00c1gata Lis. Hasta para la gala inaugural consiguieron sitio. Y si no es por ellos, por los corrillos que montaron a la salida para comentar la peli, algunos pol\u00edticos, empresarios e incluso un par de sindicalistas, a\u00fan no se habr\u00edan coscado del significado de \u2018Dos d\u00edas, una noche\u2019. Los hermanos Dardenne optaron por unirse al grupo de Villatordos para compartir cervezas y experiencias.<\/p>\n<p>En la videoteca del pueblo cuelga ya una placa enviada por los cineastas, justo debajo de la de Rossellini. Ambas adornan un mural: \u201cLa cultura es un bien p\u00fablico\u201d. La del consejero est\u00e1 de cenicero en la entrada del bar. Cuando pase Seminci retomar\u00e1n el tema de la independencia.<\/p>\n","protected":false},"excerpt":{"rendered":"<p>Sacrificamos perros sospechosos de contagiarnos lealtad; damos de comer sopa con gusanos a los ni\u00f1os en los comedores escolares (p\u00fablicos); llamamos cerdos (lo m\u00e1s tierno) a los usuarios de las tarjetas black y soportamos y mantenemos a pollinos de solemnidad en todo ese conglomerado de gobiernos. Y luego se preguntan por qu\u00e9 Villatordos del Regato [&hellip;]<\/p>\n","protected":false},"author":11533,"featured_media":0,"comment_status":"open","ping_status":"open","sticky":false,"template":"","format":"standard","meta":[],"categories":[1],"tags":[131,152],"_links":{"self":[{"href":"https:\/\/blogs.elnortedecastilla.es\/lolaleonardo\/wp-json\/wp\/v2\/posts\/102"}],"collection":[{"href":"https:\/\/blogs.elnortedecastilla.es\/lolaleonardo\/wp-json\/wp\/v2\/posts"}],"about":[{"href":"https:\/\/blogs.elnortedecastilla.es\/lolaleonardo\/wp-json\/wp\/v2\/types\/post"}],"author":[{"embeddable":true,"href":"https:\/\/blogs.elnortedecastilla.es\/lolaleonardo\/wp-json\/wp\/v2\/users\/11533"}],"replies":[{"embeddable":true,"href":"https:\/\/blogs.elnortedecastilla.es\/lolaleonardo\/wp-json\/wp\/v2\/comments?post=102"}],"version-history":[{"count":0,"href":"https:\/\/blogs.elnortedecastilla.es\/lolaleonardo\/wp-json\/wp\/v2\/posts\/102\/revisions"}],"wp:attachment":[{"href":"https:\/\/blogs.elnortedecastilla.es\/lolaleonardo\/wp-json\/wp\/v2\/media?parent=102"}],"wp:term":[{"taxonomy":"category","embeddable":true,"href":"https:\/\/blogs.elnortedecastilla.es\/lolaleonardo\/wp-json\/wp\/v2\/categories?post=102"},{"taxonomy":"post_tag","embeddable":true,"href":"https:\/\/blogs.elnortedecastilla.es\/lolaleonardo\/wp-json\/wp\/v2\/tags?post=102"}],"curies":[{"name":"wp","href":"https:\/\/api.w.org\/{rel}","templated":true}]}}