{"id":115,"date":"2015-02-25T15:16:05","date_gmt":"2015-02-25T15:16:05","guid":{"rendered":"http:\/\/blogs.elnortedecastilla.es\/lolaleonardo\/?p=115"},"modified":"2015-02-25T15:16:05","modified_gmt":"2015-02-25T15:16:05","slug":"y-vania-dejo-su-fusil","status":"publish","type":"post","link":"https:\/\/blogs.elnortedecastilla.es\/lolaleonardo\/2015\/02\/25\/y-vania-dejo-su-fusil\/","title":{"rendered":"Y Vania dej\u00f3 su fusil"},"content":{"rendered":"<p>Aqu\u00ed est\u00e1n. Tengo dos: mi remol\u00f3n Vania y mi pulguilla Andrey. Kanalosh y Ladishenko. Hijos antes de Elena e Iv\u00e1n, de Victoria y Anatoly. Hijos todav\u00eda de ellos y tambi\u00e9n m\u00edos, sin que esto suponga ning\u00fan sentido de la propiedad; es m\u00e1s cuesti\u00f3n del alma, si es que hay.<\/p>\n<p>Aqu\u00ed est\u00e1n, s\u00ed, en plena adolescencia, haci\u00e9ndome deambular entre desasosiegos y miedos varios. He pasado de ser su madre cuidadora, contadora de cuentos y portadora de meriendas, a ser una especie de agente de la Stasi con maneras de Anacleto. De ser receptora de preguntas sobre el mundo que les abr\u00eda a ser recipiente de reproches \u00a0sobre el mundo que les cierro; o eso creen a ciertas edades de hormonas efervescentes.\u00a0 Tal vez tengan raz\u00f3n.<\/p>\n<p>Aqu\u00ed estoy, tratando de desmontar lo que yo hace a\u00f1os montaba ante mis padres: tema de libertades, ya sab\u00e9is. Ellos tambi\u00e9n fueron miembros de la Stasi controlando a tres subversivos con gre\u00f1as.<\/p>\n<p>Aqu\u00ed estamos: dos ucranianos y una espa\u00f1ola librando batallas por territorios comunes y distintos, liderando ej\u00e9rcitos de razones y pasiones. Los gatos ap\u00e1tridas y eternamente ni\u00f1os ponen la paz.<\/p>\n<p>Aqu\u00ed est\u00e1n, s\u00ed, con 15 y 13. Son ucranianos. Hasta los 18. Despu\u00e9s podr\u00e1n tener doble nacionalidad, o una sola: ojal\u00e1 no tuvieran necesidad de ninguna, como mis ni\u00f1os eternos de bigotes de abanico.<\/p>\n<p>Ya han llamado a otros chicos para morir en la guerra. A los 16. Con una amplia experiencia en matar marcianitos a balazos virtuales o monstruos bi\u00f3nicos a golpe de play. Debe pensar la milicia cosaca que son grandes guerreros, tiradores profesionales, aptos para arrastrarse por las nieves duras y dormir envueltos en sacos de sangre. Y sin WhatsApp. Muchos s\u00f3lo conocen de Ucrania sus fotos de infancia, su lugar en el mapa, sus cuervos gordos, su olor a eneldo, su hist\u00f3rico vaiv\u00e9n del trigo, sus demonios recientes.<\/p>\n<p>Era impensable, pera ya es real; es irracional para nuestra raz\u00f3n calmada; es obsceno, indecente y grosero engrosar las filas con soldaditos p\u00faberes. No son m\u00e1s que ni\u00f1os aprendiendo a ser hombres, no a ser muertos tempranos en un pa\u00eds vejado por el oeste y manoseado por el este.<\/p>\n<p>Aqu\u00ed est\u00e1n, s\u00ed, son ucranianos. Todos los a\u00f1os env\u00edo un completo informe a su embajada: escolarizaci\u00f3n, vacunaciones, ex\u00e1menes m\u00e9dicos, fotograf\u00edas\u2026 a fin de que est\u00e9n tranquilos los servicios sociales asegur\u00e1ndose de que a\u00fan no me los he comido, ni vendido sus \u00f3rganos, ni esclavizado su infancia.<\/p>\n<p>No se dar\u00e1 el caso de que sean llamados a filas porque romper\u00eda todos los preceptos de los derechos humanos (ya est\u00e1n siendo destrozados los de muchos adolescentes ucranianos en acogida), pero si se diera, que no cuenten con ellos. Si atraves\u00e9 hace a\u00f1os media Europa para traer sus sonrisas, me niego a ir a buscar sus muertes o a recibir a quien haya atravesado el coraz\u00f3n de cualquier hombre o cualquier muchacho, tal vez de alg\u00fan hermano olvidado.<\/p>\n","protected":false},"excerpt":{"rendered":"<p>Aqu\u00ed est\u00e1n. Tengo dos: mi remol\u00f3n Vania y mi pulguilla Andrey. Kanalosh y Ladishenko. Hijos antes de Elena e Iv\u00e1n, de Victoria y Anatoly. Hijos todav\u00eda de ellos y tambi\u00e9n m\u00edos, sin que esto suponga ning\u00fan sentido de la propiedad; es m\u00e1s cuesti\u00f3n del alma, si es que hay. Aqu\u00ed est\u00e1n, s\u00ed, en plena adolescencia, [&hellip;]<\/p>\n","protected":false},"author":11533,"featured_media":0,"comment_status":"open","ping_status":"open","sticky":false,"template":"","format":"standard","meta":[],"categories":[1],"tags":[6,76,168],"_links":{"self":[{"href":"https:\/\/blogs.elnortedecastilla.es\/lolaleonardo\/wp-json\/wp\/v2\/posts\/115"}],"collection":[{"href":"https:\/\/blogs.elnortedecastilla.es\/lolaleonardo\/wp-json\/wp\/v2\/posts"}],"about":[{"href":"https:\/\/blogs.elnortedecastilla.es\/lolaleonardo\/wp-json\/wp\/v2\/types\/post"}],"author":[{"embeddable":true,"href":"https:\/\/blogs.elnortedecastilla.es\/lolaleonardo\/wp-json\/wp\/v2\/users\/11533"}],"replies":[{"embeddable":true,"href":"https:\/\/blogs.elnortedecastilla.es\/lolaleonardo\/wp-json\/wp\/v2\/comments?post=115"}],"version-history":[{"count":0,"href":"https:\/\/blogs.elnortedecastilla.es\/lolaleonardo\/wp-json\/wp\/v2\/posts\/115\/revisions"}],"wp:attachment":[{"href":"https:\/\/blogs.elnortedecastilla.es\/lolaleonardo\/wp-json\/wp\/v2\/media?parent=115"}],"wp:term":[{"taxonomy":"category","embeddable":true,"href":"https:\/\/blogs.elnortedecastilla.es\/lolaleonardo\/wp-json\/wp\/v2\/categories?post=115"},{"taxonomy":"post_tag","embeddable":true,"href":"https:\/\/blogs.elnortedecastilla.es\/lolaleonardo\/wp-json\/wp\/v2\/tags?post=115"}],"curies":[{"name":"wp","href":"https:\/\/api.w.org\/{rel}","templated":true}]}}