{"id":124,"date":"2015-04-08T06:15:58","date_gmt":"2015-04-08T06:15:58","guid":{"rendered":"http:\/\/blogs.elnortedecastilla.es\/lolaleonardo\/?p=124"},"modified":"2015-04-08T06:15:58","modified_gmt":"2015-04-08T06:15:58","slug":"la-tragedia-repetida","status":"publish","type":"post","link":"https:\/\/blogs.elnortedecastilla.es\/lolaleonardo\/2015\/04\/08\/la-tragedia-repetida\/","title":{"rendered":"La tragedia repetida"},"content":{"rendered":"<p><em>\u201cSentados en el suelo, los mineros se hacen cruces y reniegan de dios. Qui\u00e9n dir\u00eda les pillara de sorpresa la tragedia repetida\u201d.<\/em> Una historia narrada en canci\u00f3n por V\u00edctor Manuel hace casi tres d\u00e9cadas se nos asoma de vez en cuando en tardes amarillas tirando a negras, cuando la mina mata, en la planta 14, asomada al infierno.<\/p>\n<p>Primavera berciana en Santa Cruz de Montes a las cuatro de la tarde: sepultura de carb\u00f3n para Jos\u00e9 Pereira y dos compa\u00f1eros rozando la muerte. \u201cLa tragedia repetida\u201d.<\/p>\n<p><em>\u201cA las 10 la luna clara se refleja en las sortijas del patr\u00f3n reci\u00e9n llegado\u201d.<\/em> En el Pozo Salgueiro tambi\u00e9n se han adentrado vagones repletos de pol\u00edticas de desastre. Ahora que el presidente Juan Vicente Herrera ha arrancado hace unos d\u00edas a Mariano Rajoy la promesa de una soluci\u00f3n inmediata para salvar el carb\u00f3n, sobre la mesa de negociaci\u00f3n se refleja el rostro negro de Pereira, quiz\u00e1 como un \u2018tr\u00e1gico incentivo\u2019 a las el\u00e9ctricas para que compren el polvo que cubre su piel.<\/p>\n<p>Gobiernos de uno y otro color han demostrado durante las \u00faltimas d\u00e9cadas que no saben qu\u00e9 hacer con las cuencas mineras. Y tampoco con los mineros, salvo enterrarlos. De las m\u00e1s de doscientas empresas del sector existentes en 1990, quedan menos de treinta en todo el territorio nacional. 180.000 puestos de trabajo han sido destruidos por las pol\u00edticas fallidas y por patrones codiciosos que gastaron en sortijas millones de euros procedentes de fondos p\u00fablicos mientras los mineros protagonizaban marchas negras y sufr\u00edan recortes salariales e impagos de n\u00f3minas, e impagos de pan, temiendo un futuro m\u00e1s oscuro que el pozo de la planta 14. \u00bfDijeron alguna vez los patrones qu\u00e9 hicieron con las ayudas? \u00bfQui\u00e9n puede crear imperios a costa de costaleros?<\/p>\n<p><em>\u201cA veces el m\u00e1s bravo se queda mirando fijamente al patr\u00f3n con dientes apretados. Y el patr\u00f3n, con sombrero, tiene dos polic\u00edas a su lado: no hay cuidado\u201d.<\/em><\/p>\n<p>Y mientras los castigados del carb\u00f3n siguen de cara al suelo, parece ser que hay una serie de intrusos que, ejerciendo cargos de directivos, oficinistas y labores varias que jam\u00e1s se han asomado al abismo, figuran como mineros o barrenistas a fin de optar a una prejubilaci\u00f3n antes de cumplir los 50, con cargo a nuestro bolsillo y al de los padres de Pereira. Qui\u00e9n dir\u00eda que nos pilla por sorpresa el fraude repetido.<\/p>\n<p><em>\u201cHay sirenas, lamentos, acompasados ayes a la boca del pozo, las mujeres de luto anhelando los cuerpos y una madre que rumia su agon\u00eda en silencio\u201d.<\/em><\/p>\n<p>Y despu\u00e9s de la sangre, al borde del dolor de la planta 14, la indignaci\u00f3n, la seguridad tocada, la seguridad hundida, la vida barrenada. \u201cSi hemos que trabajar m\u00e1s de ocho horas en la mina por menos de 900 euros, nos queda poco tiempo para pensar si la rampa est\u00e1 bien posteada. \u00bfTenemos que seguir jug\u00e1ndonos la vida por la puta mierda que nos pagan?\u201d<\/p>\n<p><em>\u201cY uno de ellos, el m\u00e1s fiero, por no irse al patr\u00f3n, llora en el suelo\u201d.<\/em><\/p>\n","protected":false},"excerpt":{"rendered":"<p>\u201cSentados en el suelo, los mineros se hacen cruces y reniegan de dios. Qui\u00e9n dir\u00eda les pillara de sorpresa la tragedia repetida\u201d. Una historia narrada en canci\u00f3n por V\u00edctor Manuel hace casi tres d\u00e9cadas se nos asoma de vez en cuando en tardes amarillas tirando a negras, cuando la mina mata, en la planta 14, [&hellip;]<\/p>\n","protected":false},"author":11533,"featured_media":0,"comment_status":"open","ping_status":"open","sticky":false,"template":"","format":"standard","meta":[],"categories":[1],"tags":[108],"_links":{"self":[{"href":"https:\/\/blogs.elnortedecastilla.es\/lolaleonardo\/wp-json\/wp\/v2\/posts\/124"}],"collection":[{"href":"https:\/\/blogs.elnortedecastilla.es\/lolaleonardo\/wp-json\/wp\/v2\/posts"}],"about":[{"href":"https:\/\/blogs.elnortedecastilla.es\/lolaleonardo\/wp-json\/wp\/v2\/types\/post"}],"author":[{"embeddable":true,"href":"https:\/\/blogs.elnortedecastilla.es\/lolaleonardo\/wp-json\/wp\/v2\/users\/11533"}],"replies":[{"embeddable":true,"href":"https:\/\/blogs.elnortedecastilla.es\/lolaleonardo\/wp-json\/wp\/v2\/comments?post=124"}],"version-history":[{"count":0,"href":"https:\/\/blogs.elnortedecastilla.es\/lolaleonardo\/wp-json\/wp\/v2\/posts\/124\/revisions"}],"wp:attachment":[{"href":"https:\/\/blogs.elnortedecastilla.es\/lolaleonardo\/wp-json\/wp\/v2\/media?parent=124"}],"wp:term":[{"taxonomy":"category","embeddable":true,"href":"https:\/\/blogs.elnortedecastilla.es\/lolaleonardo\/wp-json\/wp\/v2\/categories?post=124"},{"taxonomy":"post_tag","embeddable":true,"href":"https:\/\/blogs.elnortedecastilla.es\/lolaleonardo\/wp-json\/wp\/v2\/tags?post=124"}],"curies":[{"name":"wp","href":"https:\/\/api.w.org\/{rel}","templated":true}]}}