{"id":133,"date":"2015-06-17T21:08:26","date_gmt":"2015-06-17T21:08:26","guid":{"rendered":"http:\/\/blogs.elnortedecastilla.es\/lolaleonardo\/?p=133"},"modified":"2015-06-17T21:08:26","modified_gmt":"2015-06-17T21:08:26","slug":"ni-reina-de-las-fiestas","status":"publish","type":"post","link":"https:\/\/blogs.elnortedecastilla.es\/lolaleonardo\/2015\/06\/17\/ni-reina-de-las-fiestas\/","title":{"rendered":"Ni reina de las fiestas"},"content":{"rendered":"<p>Estimado Felipe, no creo que sea merecedora de ostentar el t\u00edtulo de duquesa, ni de Palma ni de Matapozuelos, m\u00e1s ahora cuando el antiguo r\u00e9gimen est\u00e1 tocado y asistimos, casi incr\u00e9dulos pero felices, a su inevitable y m\u00e1s que esperada ca\u00edda. No podr\u00eda yo, en estas circunstancias, volver al tocino rancio.<\/p>\n<p>Quienes me conocen saben que los t\u00edtulos me producen m\u00e1s alergia que los banqueros. S\u00e9 que es debido a un trauma de juventud provocado cuando, a\u00f1o tras a\u00f1o en mi mocedad, ve\u00eda pasar por delante de mis narices el t\u00edtulo de reina de las fiestas y siempre era para otras, que incluso cuando no hubo mozas en el pueblo porque todas emigraron o ya no eran mozas y ya me ve\u00eda ese verano coronada y enflorada, prefirieron d\u00e1rselo a Quique el de la Patro, porque luc\u00eda mejor que yo en tacones; a\u00fan lo hace. Y no hubo ni damas de honor aquel agosto.<\/p>\n<p>F\u00edjese que desde entonces comenc\u00e9 una cruzada contra los t\u00edtulos y, salvo en los de cr\u00e9dito, no creo en ninguno; ni siquiera recog\u00ed el de maestra de primera ense\u00f1anza, que en gloria est\u00e9 (no mi t\u00edtulo, la ense\u00f1anza p\u00fablica).<\/p>\n<p>De mi lucha dial\u00e9ctica contra los grandes habr\u00e1 tenido noticias todos estos a\u00f1os, lucha que culmin\u00f3 en los sesenta con la creaci\u00f3n del Comando Durruti y que, con la llegada de la crisis, dej\u00f3 a un lado sus ataques contra la nobleza latifundista para emprender caminos junto a los olvidados. Porque para nosotros ya era conmovedor hace a\u00f1os lo que significaba la ciudadan\u00eda y ahora mi amiga Manuela, la de Madrid, lo ha soltado a los cuatro vientos: \u00a1Qu\u00e9 bien ha sonado en primavera!<\/p>\n<p>Comprender\u00e1 que, con estos nuevos tiempos y con mi trayectoria sociovital, me niegue a aceptar el Ducado, aunque sigo fumando negro. No quiero que este rechazo se convierta en una afrenta a la ciudadan\u00eda de Palma, ni siquiera a la de Matapozuelos, cuando ambos lugares representan para mi perra Canela y para m\u00ed una referencia de fuertes e importantes recuerdos, a pesar de que a la primera la conozca m\u00e1s que nada en postales de mi amigo Jordi. Pero aun as\u00ed, que no se vea como un desd\u00e9n mi gesto, que tambi\u00e9n. Que a estas alturas de la vida,\u00a0 ya rozando los setenta, lo m\u00e1s c\u00f3modo ser\u00eda aceptar la distinci\u00f3n sin reparos y pasar a firmar mis cartas como t\u00eda Enriqueta, duquesa de los desarrapados. Pero hace tiempo que dej\u00e9 de enviar manuscritos, justo cuando el Jordi me enganch\u00f3 a los mensajes de telefon\u00eda m\u00f3vil. Y ah\u00ed no rubrico.<\/p>\n<p>Comprender\u00e1 que liderar el comando del fr\u00edo o la pandilla fam\u00e9lica me ha reportado muchas m\u00e1s satisfacciones que las que me podr\u00eda suponer cualquier etiqueta nobiliaria que, perm\u00edtame la sugerencia, deber\u00eda no volver a irrumpir en estos tiempos.<\/p>\n<p>PD: No s\u00e9 si con el t\u00edtulo vacante hab\u00eda pensado en mi persona para \u2018ocuparlo\u2019, pero antes de que regresen las mozas al pueblo este verano, me atrevo a rechazarlo.<\/p>\n<p>Firmado: Enriqueta, la hija del cabrero, moza a perpetuidad. (No tengo sello)<\/p>\n","protected":false},"excerpt":{"rendered":"<p>Estimado Felipe, no creo que sea merecedora de ostentar el t\u00edtulo de duquesa, ni de Palma ni de Matapozuelos, m\u00e1s ahora cuando el antiguo r\u00e9gimen est\u00e1 tocado y asistimos, casi incr\u00e9dulos pero felices, a su inevitable y m\u00e1s que esperada ca\u00edda. No podr\u00eda yo, en estas circunstancias, volver al tocino rancio. Quienes me conocen saben [&hellip;]<\/p>\n","protected":false},"author":11533,"featured_media":0,"comment_status":"open","ping_status":"open","sticky":false,"template":"","format":"standard","meta":[],"categories":[1],"tags":[32,164],"_links":{"self":[{"href":"https:\/\/blogs.elnortedecastilla.es\/lolaleonardo\/wp-json\/wp\/v2\/posts\/133"}],"collection":[{"href":"https:\/\/blogs.elnortedecastilla.es\/lolaleonardo\/wp-json\/wp\/v2\/posts"}],"about":[{"href":"https:\/\/blogs.elnortedecastilla.es\/lolaleonardo\/wp-json\/wp\/v2\/types\/post"}],"author":[{"embeddable":true,"href":"https:\/\/blogs.elnortedecastilla.es\/lolaleonardo\/wp-json\/wp\/v2\/users\/11533"}],"replies":[{"embeddable":true,"href":"https:\/\/blogs.elnortedecastilla.es\/lolaleonardo\/wp-json\/wp\/v2\/comments?post=133"}],"version-history":[{"count":0,"href":"https:\/\/blogs.elnortedecastilla.es\/lolaleonardo\/wp-json\/wp\/v2\/posts\/133\/revisions"}],"wp:attachment":[{"href":"https:\/\/blogs.elnortedecastilla.es\/lolaleonardo\/wp-json\/wp\/v2\/media?parent=133"}],"wp:term":[{"taxonomy":"category","embeddable":true,"href":"https:\/\/blogs.elnortedecastilla.es\/lolaleonardo\/wp-json\/wp\/v2\/categories?post=133"},{"taxonomy":"post_tag","embeddable":true,"href":"https:\/\/blogs.elnortedecastilla.es\/lolaleonardo\/wp-json\/wp\/v2\/tags?post=133"}],"curies":[{"name":"wp","href":"https:\/\/api.w.org\/{rel}","templated":true}]}}