{"id":136,"date":"2015-10-20T20:52:20","date_gmt":"2015-10-20T20:52:20","guid":{"rendered":"http:\/\/blogs.elnortedecastilla.es\/lolaleonardo\/?p=136"},"modified":"2015-10-20T20:52:20","modified_gmt":"2015-10-20T20:52:20","slug":"y-el-cine-vino","status":"publish","type":"post","link":"https:\/\/blogs.elnortedecastilla.es\/lolaleonardo\/2015\/10\/20\/y-el-cine-vino\/","title":{"rendered":"Y el cine vino"},"content":{"rendered":"<p>El cine fue mi motivo de vida cada octubre durante los a\u00f1os que estuve al frente de la secci\u00f3n de cultura en un peri\u00f3dico. Llegaba la Seminci y, con ella, el triple de trabajo, antes, durante y hasta el final del festival. Desde que nos pon\u00edamos con el especial previo hasta que se clausuraba el certamen, me dejaba en la redacci\u00f3n unos cinco kilos entre las p\u00e1ginas de cada suplemento diario y decenas de cigarros a medio fumar, porque hubo un tiempo en que las redacciones estaban hechas de humo, y de prisas, y de risas, y de nervios, y de cabreos, y de sangre. En los \u00faltimos a\u00f1os, a la vez que el tabaco, se esfumaron los seres vivos y se sentaron las chufas. A poco me hago horchata.<\/p>\n<p>Pues bien, de la coordinaci\u00f3n de Seminci, que &#8216;hered\u00e9&#8217; de Vidal, puede que conserve algunos de mis m\u00e1s buenos recuerdos. \u00bfEl equipo? Vergaz, Benito, \u00d3scar, Camino, Tom\u00e1s, Paco L\u00f3pez, Felipe, Laforga, Montse\u2026 Lo mejor de lo mejor entre redactores, fot\u00f3grafos, colaboradores y alg\u00fan intelectual de los de pr\u00e1cticas que hab\u00eda alargado su &#8216;estancia&#8217; estival. \u00bfReuniones? Las justas, cuantas menos mejor. Una general para programar el trabajo y alguna espor\u00e1dica por si se torc\u00edan los renglones; al finalizar \u00e9stas, sonrisas cuando les regalaba mi frase copiada de una famosa serie policiaca: &#8220;Tened cuidado ah\u00ed fuera&#8221;. \u00a1Qu\u00e9 pesada! Siempre igual, pero sab\u00eda que les gustaba, eso y que por las noches, en pleno cierre, sacara un par de botellas de vino. Se cerraba mejor y nos quer\u00edamos m\u00e1s.<\/p>\n<p>Lambrusco el a\u00f1o que gan\u00f3 <em>Italiano para principiantes<\/em>; uno de Mendoza por <em>El mismo amor, la misma lluvia<\/em>; no encontr\u00e9 ninguno japon\u00e9s para celebrar a Kitano; un tinto bien oscuro para acompa\u00f1ar <em>las L\u00e1grimas negras <\/em>de Ricardo Franco, y por \u00e9l; varios franceses para brindar por el buen cine galo y el resto del pa\u00eds -de \u00e9ste- para suplir carencias.<\/p>\n<p>Entre coordinar, hacer entrevistas, editar, idear la portada de cada suplemento diario con un titular potente y no olvidarme del vino, en todos esos a\u00f1os s\u00f3lo fui capaz de ver una pel\u00edcula en Seminci. Octubre de 1993. Hab\u00eda quedado para entrevistar a Sergio Cabrera una ma\u00f1ana de mi\u00e9rcoles a las doce. A las doce y diez ya estaba enamorada para toda la vida. Ese d\u00eda no fui a comer para ver su <em>Estrategia del caracol<\/em>. A las once de la noche ya se me hab\u00eda olvidado eso del amor eterno y a falta de cerrar tres p\u00e1ginas abr\u00ed una botella. Me sent\u00f3 mal el primer trago con el est\u00f3mago vac\u00edo. P\u00e9rez pas\u00f3 por all\u00ed a terminar de poner acentos a su especial de gastronom\u00eda y llevaba una cesta con manzanas y chistes guarros. Nos reparti\u00f3 todo y lanz\u00f3 las tildes a boleo. Rosa, desde la \u2018c\u00e1rcel\u2019 del cierre dio la voz de alarma a grito pelado: \u00a1Llaman de rotativa!\u2026<\/p>\n<p>Y as\u00ed se cerraba otro suplemento. Y as\u00ed finalizaba otra Seminci. Y as\u00ed, p\u00e1gina a p\u00e1gina, ya son 60. Un buen motivo para brindar. Desde este s\u00e1bado, cuando sintamos a Audiard, hasta que anochezca el pr\u00f3ximo con la Binoche.<\/p>\n","protected":false},"excerpt":{"rendered":"<p>El cine fue mi motivo de vida cada octubre durante los a\u00f1os que estuve al frente de la secci\u00f3n de cultura en un peri\u00f3dico. Llegaba la Seminci y, con ella, el triple de trabajo, antes, durante y hasta el final del festival. Desde que nos pon\u00edamos con el especial previo hasta que se clausuraba el [&hellip;]<\/p>\n","protected":false},"author":11533,"featured_media":0,"comment_status":"open","ping_status":"open","sticky":false,"template":"","format":"standard","meta":[],"categories":[1],"tags":[26,152,174],"_links":{"self":[{"href":"https:\/\/blogs.elnortedecastilla.es\/lolaleonardo\/wp-json\/wp\/v2\/posts\/136"}],"collection":[{"href":"https:\/\/blogs.elnortedecastilla.es\/lolaleonardo\/wp-json\/wp\/v2\/posts"}],"about":[{"href":"https:\/\/blogs.elnortedecastilla.es\/lolaleonardo\/wp-json\/wp\/v2\/types\/post"}],"author":[{"embeddable":true,"href":"https:\/\/blogs.elnortedecastilla.es\/lolaleonardo\/wp-json\/wp\/v2\/users\/11533"}],"replies":[{"embeddable":true,"href":"https:\/\/blogs.elnortedecastilla.es\/lolaleonardo\/wp-json\/wp\/v2\/comments?post=136"}],"version-history":[{"count":0,"href":"https:\/\/blogs.elnortedecastilla.es\/lolaleonardo\/wp-json\/wp\/v2\/posts\/136\/revisions"}],"wp:attachment":[{"href":"https:\/\/blogs.elnortedecastilla.es\/lolaleonardo\/wp-json\/wp\/v2\/media?parent=136"}],"wp:term":[{"taxonomy":"category","embeddable":true,"href":"https:\/\/blogs.elnortedecastilla.es\/lolaleonardo\/wp-json\/wp\/v2\/categories?post=136"},{"taxonomy":"post_tag","embeddable":true,"href":"https:\/\/blogs.elnortedecastilla.es\/lolaleonardo\/wp-json\/wp\/v2\/tags?post=136"}],"curies":[{"name":"wp","href":"https:\/\/api.w.org\/{rel}","templated":true}]}}