{"id":143,"date":"2015-12-30T00:25:48","date_gmt":"2015-12-30T00:25:48","guid":{"rendered":"http:\/\/blogs.elnortedecastilla.es\/lolaleonardo\/?p=143"},"modified":"2015-12-30T00:25:48","modified_gmt":"2015-12-30T00:25:48","slug":"no-me-traigas-perlas","status":"publish","type":"post","link":"https:\/\/blogs.elnortedecastilla.es\/lolaleonardo\/2015\/12\/30\/no-me-traigas-perlas\/","title":{"rendered":"No me traigas perlas"},"content":{"rendered":"<p>Lo peor de todo es que nos toman por imb\u00e9ciles. No contentos con amargarnos este lustro y medio infernal con un empecinado agarre\u00a0 al culo de la macroeconom\u00eda \u2013cuando era ya la microeconom\u00eda la que hac\u00eda saltar desesperados por las ventanas y l\u00e1grimas de puro hambre-, nos van soltando lindezas tales como que los j\u00f3venes que emigran son viajeros en busca de aventura, o que se jodan los parados. Insultos propios de personajes obscenos que s\u00f3lo han conseguido multiplicar por cien nuestro umbral del dolor. Y el del aguante.<\/p>\n<p>Mientras el ministro de Interior condecora a las v\u00edrgenes (evidentemente a m\u00ed no), la de Trabajo ha demostrado sus m\u00e1s altas dotes de eficacia e incluso de eficiencia reclamando ayuda a la del Roc\u00edo. No contenta con dejar su trabajo en manos celestiales \u2013aunque el sueldo se lo lleva ella- ha permitido la elaboraci\u00f3n de un manual para la Escuela de Inspecci\u00f3n de Trabajo en el que se recomienda el uso de determinadas prendas, complementos, perfumes y hasta la altura del tac\u00f3n que, aunque sea plano, ser\u00e1 mucho m\u00e1s alto que su capacidad para gestionar el sal\u00f3n de t\u00e9 de <em>berjusa<\/em>, no digamos ya el trabajo y la seguridad social de todo un pa\u00eds. \u00bfDe verdad se cree que es necesario invertir tiempo acad\u00e9mico (y dinero de todos) en consejos \u00f1o\u00f1os, superficiales y rid\u00edculos? \u00bfCon qu\u00e9 se han de vestir los millones de trabajadores afectados por su destripamiento del empleo? Nos aconseja no ponernos perlas, \u00bfalg\u00fan diamantito quiz\u00e1? Y el domingo, \u00bfuna mantilla de encaje para ir a misa a dar gracias al divino por esta divina lumbrera?<\/p>\n<p>La ya ministra en disfunciones nos regala para estas fiestas una subida del salario m\u00ednimo. \u00a1Aleluya! 6 eurazos con 48 c\u00e9ntimos al mes. \u00a1Aleluya otra vez! Con esto y tres avemar\u00edas seremos capaces de compartir su optimismo ante el desastre de esa crisis que ella ya ve\u00eda acabarse cuando m\u00e1s se cebaba en el pueblo. Ella es as\u00ed; como bien dice Wyoming, \u201cF\u00e1tima ve la botella medio llena porque la otra media se la ha bebido\u201d.<\/p>\n<p>De la\u00a0 subida de pensiones mejor no hablar para no caer en el agujero negro de la desesperaci\u00f3n, y de los asuntos migratorios \u2013que tambi\u00e9n est\u00e1n en su cartera-, ha sacado en claro que desaparecen con un paracetamol durante el desayuno. Y as\u00ed vive, feliz, iluminada, indolente ante los humillados, los arruinados, los despreciados, los sans-culottes.<\/p>\n<p>Pero sus divinidades han querido tambi\u00e9n ilustrar estas fechas con una pastoral del obispo de C\u00f3rdoba, por si no hab\u00edamos o\u00eddo bastantes paridas. Seg\u00fan Demetrio Fern\u00e1ndez y su alzacuellos, cualquier tipo de fecundaci\u00f3n que no sea la que provoca follar (\u00e9l lo llama abrazo amoroso entre un hombre y una mujer porque no sabe este sin\u00f3nimo que ocupa menos espacio y porque a este tipo de predicadores les gusta ser pesadotes con la palabra) es un \u201caquelarre\u201d. Vade retro, Satana. Mejor: va de retro, sotana.<\/p>\n<p>M\u00e1s demonios que han salido de coitos bendecidos por la Iglesia\u2026<\/p>\n","protected":false},"excerpt":{"rendered":"<p>Lo peor de todo es que nos toman por imb\u00e9ciles. No contentos con amargarnos este lustro y medio infernal con un empecinado agarre\u00a0 al culo de la macroeconom\u00eda \u2013cuando era ya la microeconom\u00eda la que hac\u00eda saltar desesperados por las ventanas y l\u00e1grimas de puro hambre-, nos van soltando lindezas tales como que los j\u00f3venes [&hellip;]<\/p>\n","protected":false},"author":11533,"featured_media":0,"comment_status":"open","ping_status":"open","sticky":false,"template":"","format":"standard","meta":[],"categories":[1],"tags":[69,120],"_links":{"self":[{"href":"https:\/\/blogs.elnortedecastilla.es\/lolaleonardo\/wp-json\/wp\/v2\/posts\/143"}],"collection":[{"href":"https:\/\/blogs.elnortedecastilla.es\/lolaleonardo\/wp-json\/wp\/v2\/posts"}],"about":[{"href":"https:\/\/blogs.elnortedecastilla.es\/lolaleonardo\/wp-json\/wp\/v2\/types\/post"}],"author":[{"embeddable":true,"href":"https:\/\/blogs.elnortedecastilla.es\/lolaleonardo\/wp-json\/wp\/v2\/users\/11533"}],"replies":[{"embeddable":true,"href":"https:\/\/blogs.elnortedecastilla.es\/lolaleonardo\/wp-json\/wp\/v2\/comments?post=143"}],"version-history":[{"count":0,"href":"https:\/\/blogs.elnortedecastilla.es\/lolaleonardo\/wp-json\/wp\/v2\/posts\/143\/revisions"}],"wp:attachment":[{"href":"https:\/\/blogs.elnortedecastilla.es\/lolaleonardo\/wp-json\/wp\/v2\/media?parent=143"}],"wp:term":[{"taxonomy":"category","embeddable":true,"href":"https:\/\/blogs.elnortedecastilla.es\/lolaleonardo\/wp-json\/wp\/v2\/categories?post=143"},{"taxonomy":"post_tag","embeddable":true,"href":"https:\/\/blogs.elnortedecastilla.es\/lolaleonardo\/wp-json\/wp\/v2\/tags?post=143"}],"curies":[{"name":"wp","href":"https:\/\/api.w.org\/{rel}","templated":true}]}}