{"id":145,"date":"2016-01-27T21:48:19","date_gmt":"2016-01-27T21:48:19","guid":{"rendered":"http:\/\/blogs.elnortedecastilla.es\/lolaleonardo\/?p=145"},"modified":"2016-01-27T21:48:19","modified_gmt":"2016-01-27T21:48:19","slug":"y-desaparecio-el-mago","status":"publish","type":"post","link":"https:\/\/blogs.elnortedecastilla.es\/lolaleonardo\/2016\/01\/27\/y-desaparecio-el-mago\/","title":{"rendered":"Y desapareci\u00f3 el mago"},"content":{"rendered":"<p>Si no est\u00e1 claro, aunque\u00a0a m\u00ed me\u00a0lo parezca, que aquel dicho de \u201cm\u00e1s vale lo malo conocido que lo malo por conocer\u201d fue una invenci\u00f3n de Franco, lo que s\u00ed est\u00e1 comprobado es que lo de \u201cb\u00e9bete ya el zumo que se le van\u00a0las vitaminas\u201d es una mentirijilla\u00a0de las madres de \u00e9pocas pasadas\u00a0y que se ha transmitido de generaci\u00f3n en generaci\u00f3n, justo hasta\u00a0hace unos d\u00edas, cuando el cocinero Alberto Chicote desvel\u00f3 y comprob\u00f3 cient\u00edficamente que no era m\u00e1s que un mito.<\/p>\n<div>\n<p>El televisivo chef es ahora el centro de atenci\u00f3n de\u00a0las cr\u00edticas de progenitores de cualquier sexo o de ninguno\u00a0que, aun conociendo perfectamente que las vitaminas no aprovechan la soledad del vaso en la cocina para escapar e ir a ver mundo,\u00a0enga\u00f1an a sus v\u00e1stagos con el\u00a0fin de apresurar su desayuno y no dejar recipientes desperdigados por el submundo del orden ca\u00f3tico de la ma\u00f1ana.<\/p>\n<\/div>\n<div>\n<p>A Chicote le deberemos a partir de ahora la imagen\u00a0del zumo abandonado en un rinc\u00f3n\u00a0en espera de\u00a0la sed futura as\u00ed como\u00a0nuestros\u00a0miedos nocturnos de arder en los\u00a0infiernos\u00a0por tratar de perpetuar trolas de fogones.<\/p>\n<\/div>\n<div>\n<p>Pero nada que ver nuestros\u00a0pecados en zapatillas con la trapatiesta que\u00a0tiene montada\u00a0la Consejer\u00eda de Sanidad.<\/p>\n<\/div>\n<div>\n<p>Despu\u00e9s del perverso \u2018plant\u00f3n\u2019 a 20.000 opositores y la\u00a0p\u00e9rdida de 15.000 pruebas\u00a0radiol\u00f3gicas, se cierra\u00a0ante\u00a0la propuesta\u00a0de una unidad de radioterapia en \u00c1vila. Los enfermos de c\u00e1ncer deber\u00e1n seguir traslad\u00e1ndose a\u00a0otras provincias para recibir\u00a0tratamiento. A las ocho de la ma\u00f1ana son recogidos, llevados\u00a0al centro hospitalario que les d\u00e9 su \u2018dosis\u2019 de 15 minutos y devueltos a casa a eso de las cinco. Nueve horas entre recogidas, traslados y esperas. Nueve horas de inc\u00f3modos pensamientos, de paisajes lentos. Nueve horas de choques del alma contra part\u00edculas extra\u00f1as.<\/p>\n<\/div>\n<div>\n<p>La Diputaci\u00f3n abulense insiste en cofinanciar con la Junta\u00a0la unidad de radioterapia y el consejero presume de razones\u00a0de calidad y seguridad, y\u00a0no econ\u00f3micas\u00a0(ya vendr\u00e1n m\u00e1s tarde) que frenan el proyecto, adem\u00e1s, por\u00a0supuesto, de que el n\u00famero de tratados\u00a0no llega al m\u00ednimo establecido por esas condiciones, tan subjetivas \u00e9stas (por mucho que hable de informes de la comunidad cient\u00edfica y del mism\u00edsimo Ministerio, que ya ves a estas alturas su grado de credibilidad) como objetivas las nueve horas de infinita paciencia de cada paciente.\u00a0Y la historia se repite en Segovia. La misma justificaci\u00f3n: nada si no hay\u00a0450, cifra\u00a0\u00a0que recomienda la Sociedad Europea de Oncolog\u00eda.<\/p>\n<\/div>\n<div>\n<p>Hablan de pol\u00edticas contra la despoblaci\u00f3n y crean comit\u00e9s de expertos\u00a0cuando son ellos mismos quienes alientan el abandono: a unos los dejan morir de pena\u00a0(o de asco)\u00a0y a otros los\u00a0empujan al destierro. Hay quien augura que acabar\u00e1n cort\u00e1ndoles el agua para que s\u00f3lo beban cianuro.<\/p>\n<\/div>\n<div>\n<p>Ya lo dijo Woody Allen: \u201cEl mago hizo un gesto y desapareci\u00f3 el hambre, hizo otro\u00a0y desapareci\u00f3\u00a0la injusticia, con otro\u00a0se acab\u00f3 la guerra. El pol\u00edtico hizo\u00a0un gesto y desapareci\u00f3 el mago\u201d.<\/p>\n<\/div>\n","protected":false},"excerpt":{"rendered":"<p>Si no est\u00e1 claro, aunque\u00a0a m\u00ed me\u00a0lo parezca, que aquel dicho de \u201cm\u00e1s vale lo malo conocido que lo malo por conocer\u201d fue una invenci\u00f3n de Franco, lo que s\u00ed est\u00e1 comprobado es que lo de \u201cb\u00e9bete ya el zumo que se le van\u00a0las vitaminas\u201d es una mentirijilla\u00a0de las madres de \u00e9pocas pasadas\u00a0y que se [&hellip;]<\/p>\n","protected":false},"author":11533,"featured_media":0,"comment_status":"open","ping_status":"open","sticky":false,"template":"","format":"standard","meta":[],"categories":[1],"tags":[149,169],"_links":{"self":[{"href":"https:\/\/blogs.elnortedecastilla.es\/lolaleonardo\/wp-json\/wp\/v2\/posts\/145"}],"collection":[{"href":"https:\/\/blogs.elnortedecastilla.es\/lolaleonardo\/wp-json\/wp\/v2\/posts"}],"about":[{"href":"https:\/\/blogs.elnortedecastilla.es\/lolaleonardo\/wp-json\/wp\/v2\/types\/post"}],"author":[{"embeddable":true,"href":"https:\/\/blogs.elnortedecastilla.es\/lolaleonardo\/wp-json\/wp\/v2\/users\/11533"}],"replies":[{"embeddable":true,"href":"https:\/\/blogs.elnortedecastilla.es\/lolaleonardo\/wp-json\/wp\/v2\/comments?post=145"}],"version-history":[{"count":0,"href":"https:\/\/blogs.elnortedecastilla.es\/lolaleonardo\/wp-json\/wp\/v2\/posts\/145\/revisions"}],"wp:attachment":[{"href":"https:\/\/blogs.elnortedecastilla.es\/lolaleonardo\/wp-json\/wp\/v2\/media?parent=145"}],"wp:term":[{"taxonomy":"category","embeddable":true,"href":"https:\/\/blogs.elnortedecastilla.es\/lolaleonardo\/wp-json\/wp\/v2\/categories?post=145"},{"taxonomy":"post_tag","embeddable":true,"href":"https:\/\/blogs.elnortedecastilla.es\/lolaleonardo\/wp-json\/wp\/v2\/tags?post=145"}],"curies":[{"name":"wp","href":"https:\/\/api.w.org\/{rel}","templated":true}]}}