{"id":147,"date":"2016-02-11T21:34:45","date_gmt":"2016-02-11T21:34:45","guid":{"rendered":"http:\/\/blogs.elnortedecastilla.es\/lolaleonardo\/?p=147"},"modified":"2016-02-11T21:34:45","modified_gmt":"2016-02-11T21:34:45","slug":"amanece-o-es-otono","status":"publish","type":"post","link":"https:\/\/blogs.elnortedecastilla.es\/lolaleonardo\/2016\/02\/11\/amanece-o-es-otono\/","title":{"rendered":"\u00bfAmanece o es oto\u00f1o?"},"content":{"rendered":"<p>\u201cEn la Edad Media, el hombre entend\u00eda el mecanismo de todo lo que hac\u00eda. Ahora no sabemos c\u00f3mo funciona nada y todos dependemos de unos in\u00fatiles que no sabemos qui\u00e9nes son y nosotros no entendemos una mierda de nada. Nadie entiende nada\u201d.<\/p>\n<p>As\u00ed se expresa Jos\u00e9 Mar\u00eda Pou en esa cinta de justicia macarra y po\u00e9tica de Isaki Lacuesta que es <em>Murieron por encima de sus posibilidades<\/em>. Y raz\u00f3n tiene: no entendemos una mierda.<\/p>\n<p>A esta larga agon\u00eda postelectoral que nos sume en sumas y c\u00e1balas, en m\u00e1s incertidumbres de las que todav\u00eda arrastramos, en pensamientos impuros sobre posibles coitos de gobernabilidad, le a\u00f1adimos el desasosiego social por el futuro que es ma\u00f1ana mismo y le agregamos la inseguridad de que llegue la primavera despu\u00e9s del oto\u00f1o y tenga tardes cortas y malditas de diciembre y que febrero sea septiembre y marzo octubre, y que no sepamos si este verano tendremos vacaciones porque no las hay sin trabajo previo y si se nos congelar\u00e1n las calas y las caras y las lilas en un abril sin aguas y con vac\u00edos, y si se nos quemar\u00e1 m\u00e1s el alma de verg\u00fcenza al ver deambular por las estaciones del a\u00f1o sin trenes a los refugiados sin refugio mientras cacarean sin poner huevos pol\u00edticos e integrantes de organismos sin \u00f3rganos vitales.<\/p>\n<p>Por estos expulsados, n\u00f3madas obligados, gracias a Antonio de la Torre en la gala de los Goya: \u201cUna sola vida es m\u00e1s valiosa que cualquier frontera, naci\u00f3n o bandera\u201d. Si tardas un minuto m\u00e1s en decirlo les da tiempo a arrancarte la lengua.<\/p>\n<p>Seguimos sin entender una mierda. Mientras los lobos despellejan corderos y terneros de ganaderos abulenses, las cabras del islote de Es Vedr\u00e0 se comen las sabinas y otras plantas aut\u00f3ctonas de Ibiza. Cuando los ganaderos de \u00c1vila sugieren que los lobos sean trasladados a lugares donde no entorpezcan la pr\u00e1ctica de la ganader\u00eda extensiva, los se\u00f1ores del Gobierno regional se escudan en que es un animal protegido por las pol\u00edticas europeas, que se han quedado en el lobo y en la lagartija y no han llegado al hombre.<\/p>\n<p>No proponen los ganaderos soluciones cruentas y estar\u00edan a favor de una reserva para los c\u00e1nidos, que se reproducen y campan a sus anchas sabedores de que al sur del Duero est\u00e1 prohibida su caza. Quiz\u00e1 no haya tantos, pero hambre tienen.<\/p>\n<p>Escopetas de percusi\u00f3n con mirilla del calibre 22 para matar a las cabras de Es Vedr\u00e0, unas 40. Los francotiradores de la Unidad de Control de Fauna est\u00e1n venga a disparar en el islote porque las chivas suponen \u201cuna amenaza bot\u00e1nica nacional\u201d (acabo de esconder mis geranios). A esto, el Gobierno balear ha sugerido que nadie se acerque no sea que se lleve un tiro.<\/p>\n<p>Algunos ganaderos de las Islas se hab\u00edan ofrecido a adoptar las cabras y Medio Ambiente se neg\u00f3 porque no hab\u00edan pasado control sanitario alguno, as\u00ed que preparados, apunten, fuego.<\/p>\n<p>Ni entendemos una mierda ni ya hay quien aguante este sindi\u00f3s. Lo mismo cualquier d\u00eda amanece por el sur de \u00c1vila.<\/p>\n","protected":false},"excerpt":{"rendered":"<p>\u201cEn la Edad Media, el hombre entend\u00eda el mecanismo de todo lo que hac\u00eda. Ahora no sabemos c\u00f3mo funciona nada y todos dependemos de unos in\u00fatiles que no sabemos qui\u00e9nes son y nosotros no entendemos una mierda de nada. Nadie entiende nada\u201d. As\u00ed se expresa Jos\u00e9 Mar\u00eda Pou en esa cinta de justicia macarra y [&hellip;]<\/p>\n","protected":false},"author":11533,"featured_media":0,"comment_status":"open","ping_status":"open","sticky":false,"template":"","format":"standard","meta":[],"categories":[1],"tags":[18,73,92],"_links":{"self":[{"href":"https:\/\/blogs.elnortedecastilla.es\/lolaleonardo\/wp-json\/wp\/v2\/posts\/147"}],"collection":[{"href":"https:\/\/blogs.elnortedecastilla.es\/lolaleonardo\/wp-json\/wp\/v2\/posts"}],"about":[{"href":"https:\/\/blogs.elnortedecastilla.es\/lolaleonardo\/wp-json\/wp\/v2\/types\/post"}],"author":[{"embeddable":true,"href":"https:\/\/blogs.elnortedecastilla.es\/lolaleonardo\/wp-json\/wp\/v2\/users\/11533"}],"replies":[{"embeddable":true,"href":"https:\/\/blogs.elnortedecastilla.es\/lolaleonardo\/wp-json\/wp\/v2\/comments?post=147"}],"version-history":[{"count":0,"href":"https:\/\/blogs.elnortedecastilla.es\/lolaleonardo\/wp-json\/wp\/v2\/posts\/147\/revisions"}],"wp:attachment":[{"href":"https:\/\/blogs.elnortedecastilla.es\/lolaleonardo\/wp-json\/wp\/v2\/media?parent=147"}],"wp:term":[{"taxonomy":"category","embeddable":true,"href":"https:\/\/blogs.elnortedecastilla.es\/lolaleonardo\/wp-json\/wp\/v2\/categories?post=147"},{"taxonomy":"post_tag","embeddable":true,"href":"https:\/\/blogs.elnortedecastilla.es\/lolaleonardo\/wp-json\/wp\/v2\/tags?post=147"}],"curies":[{"name":"wp","href":"https:\/\/api.w.org\/{rel}","templated":true}]}}