{"id":148,"date":"2016-02-23T22:00:55","date_gmt":"2016-02-23T22:00:55","guid":{"rendered":"http:\/\/blogs.elnortedecastilla.es\/lolaleonardo\/?p=148"},"modified":"2016-02-23T22:00:55","modified_gmt":"2016-02-23T22:00:55","slug":"descendientes-de-brujas","status":"publish","type":"post","link":"https:\/\/blogs.elnortedecastilla.es\/lolaleonardo\/2016\/02\/23\/descendientes-de-brujas\/","title":{"rendered":"Descendientes de brujas"},"content":{"rendered":"<p>Sobre el plan b para construir Europa (porque s\u00ed, est\u00e1 destrozada) dice Varufakis que asistimos a una versi\u00f3n posmoderna de los a\u00f1os 30.\u00a0 Demasiado amable se presenta el ex ministro con esta definici\u00f3n; a m\u00ed me parece, m\u00e1s bien, una versi\u00f3n en tejanos de la m\u00e1s oscura Edad Media y uno de sus engendros: la Santa Inquisici\u00f3n. No es posible pensar en otra cosa cuando las mazmorras se preparan para albergar a los herejes que han hecho suya la libertad de expresi\u00f3n.<\/p>\n<p>Ra\u00fal Garc\u00eda y Alfonso L\u00e1zaro, titiriteros de profesi\u00f3n, y la concejala Rita Maestre sufren la rabia de una sociedad que hierve a fuego lento un caldo con sus huesos rancios. Los primeros fueron detenidos en plena actuaci\u00f3n -unos padres escandalizados alertaron a las fuerzas de seguridad\u00ad-\u00ad encerrados\u00ad e investigados por enaltecimiento de terrorismo. La polic\u00eda se incaut\u00f3 de su material peligroso, sin olvidar, supongo, la alb\u00f3ndiga-bomba que estar\u00e1 programada para explotar y desperdigar en un \u00e1rea de nanobaldosa 30 gramos de carne picada, miga de pan ba\u00f1ada en leche y un poquito de perejil. Y enharinada en verg\u00fcenza.<\/p>\n<p>La concejala se sienta en el banquillo por una protesta de hace un lustro contra el poder de la Iglesia cat\u00f3lica y su ocupaci\u00f3n de espacios p\u00fablicos en un estado aconfesional, donde se siguen construyendo hospitales con capilla y nacen peri\u00f3dicos \u00bfimparciales? bendecidos por un cura con hisopo que esparce caldo rancio en vez de agua bendita.<\/p>\n<p>Lo de Rita, que ya ha pedido disculpas (buen gesto, pero te las deben a ti) es un acto de humillaci\u00f3n contra todas las mujeres y, por supuesto, contra todos los hombres libres. La base de la acusaci\u00f3n es el ataque a los sentimientos religiosos.\u00a0 Mientras, aguantamos ofensivas, agresiones y embestidas insistentes de algunos oficiantes contra nuestros sentimientos \u00e9ticos y no te digo ya de homosexuales, transexuales y todo lo que no tenga que ver con casar manzanas con manzanas.<\/p>\n<p>Ahora le tocar\u00e1 el turno a Dolors Miquel por su poema-versi\u00f3n libre del Padrenuestro: \u00a0\u201c\u2026 Santificado sea tu co\u00f1o, la epidural, la comadrona\u2026 No permitas que los hijos de puta aborten el amor y hagan la guerra.\u201d<\/p>\n<p>Lo escribi\u00f3 en 2006, pero ya puede andarse con cuidado la escritora catalana, que soplan vientos de caza de brujas.<\/p>\n<p>Recuerdo hace a\u00f1os \u2013lo mismo m\u00e1s de 20- un bar situado por la R\u00faa Oscura, en Valladolid. A pocos metros de la entrada colgaba un gran poster con Jes\u00fas crucificado y Mar\u00eda Magdalena terminando de hacerle una obra caritativa de sexo oral. No he vuelto a saber nada del local ni de sus due\u00f1os. Me temo, seg\u00fan est\u00e1 el panorama, que est\u00e9n enterrados en alguna cuneta. He buscado en Google, con permiso de la Santa Inquisici\u00f3n, a ver si encontraba rastro de aquel cartel: nada de nada. A ver si me acuerdo luego de borrar el historial de navegaci\u00f3n, porque de \u00e9sta me lapidan al alba.<\/p>\n<p>Y s\u00ed, yo tambi\u00e9n soy descendiente de aquellas brujas a las que no pudisteis quemar.<\/p>\n","protected":false},"excerpt":{"rendered":"<p>Sobre el plan b para construir Europa (porque s\u00ed, est\u00e1 destrozada) dice Varufakis que asistimos a una versi\u00f3n posmoderna de los a\u00f1os 30.\u00a0 Demasiado amable se presenta el ex ministro con esta definici\u00f3n; a m\u00ed me parece, m\u00e1s bien, una versi\u00f3n en tejanos de la m\u00e1s oscura Edad Media y uno de sus engendros: la [&hellip;]<\/p>\n","protected":false},"author":11533,"featured_media":0,"comment_status":"open","ping_status":"open","sticky":false,"template":"","format":"standard","meta":[],"categories":[1],"tags":[9,50,141,146,163],"_links":{"self":[{"href":"https:\/\/blogs.elnortedecastilla.es\/lolaleonardo\/wp-json\/wp\/v2\/posts\/148"}],"collection":[{"href":"https:\/\/blogs.elnortedecastilla.es\/lolaleonardo\/wp-json\/wp\/v2\/posts"}],"about":[{"href":"https:\/\/blogs.elnortedecastilla.es\/lolaleonardo\/wp-json\/wp\/v2\/types\/post"}],"author":[{"embeddable":true,"href":"https:\/\/blogs.elnortedecastilla.es\/lolaleonardo\/wp-json\/wp\/v2\/users\/11533"}],"replies":[{"embeddable":true,"href":"https:\/\/blogs.elnortedecastilla.es\/lolaleonardo\/wp-json\/wp\/v2\/comments?post=148"}],"version-history":[{"count":0,"href":"https:\/\/blogs.elnortedecastilla.es\/lolaleonardo\/wp-json\/wp\/v2\/posts\/148\/revisions"}],"wp:attachment":[{"href":"https:\/\/blogs.elnortedecastilla.es\/lolaleonardo\/wp-json\/wp\/v2\/media?parent=148"}],"wp:term":[{"taxonomy":"category","embeddable":true,"href":"https:\/\/blogs.elnortedecastilla.es\/lolaleonardo\/wp-json\/wp\/v2\/categories?post=148"},{"taxonomy":"post_tag","embeddable":true,"href":"https:\/\/blogs.elnortedecastilla.es\/lolaleonardo\/wp-json\/wp\/v2\/tags?post=148"}],"curies":[{"name":"wp","href":"https:\/\/api.w.org\/{rel}","templated":true}]}}