{"id":155,"date":"2016-04-20T08:25:43","date_gmt":"2016-04-20T08:25:43","guid":{"rendered":"http:\/\/blogs.elnortedecastilla.es\/lolaleonardo\/?p=155"},"modified":"2016-04-20T08:25:43","modified_gmt":"2016-04-20T08:25:43","slug":"ibamos-a-ver-ballenas","status":"publish","type":"post","link":"https:\/\/blogs.elnortedecastilla.es\/lolaleonardo\/2016\/04\/20\/ibamos-a-ver-ballenas\/","title":{"rendered":"\u00cdbamos a ver ballenas"},"content":{"rendered":"<p>\u201cNo se garantiza el avistamiento de cet\u00e1ceos. Seg\u00fan estad\u00edsticas del pasado a\u00f1o, \u00e9se fue del 68%. Dependiendo de las condiciones mar\u00edtimas y por seguridad, el ba\u00f1o puede ser permitido o no seg\u00fan criterio del capit\u00e1n\u201d.<\/p>\n<p>Est\u00e1bamos encantados todos en el instituto con la nueva excursi\u00f3n en catamar\u00e1n. Juanma y su grupo preparan ya todos sus aparatos de imagen para captar los saltos de los delfines, y los de audio, para sus cantos.<\/p>\n<p>Son siete euros por dos horas. Les he sacado otros 50 a los viejos habl\u00e1ndoles de una actividad paralela de aprendizaje de nudos marineros. Se la he colado; as\u00ed tengo para el triquini <em>print<\/em> al que le he echado el ojo.<\/p>\n<p>\u201cImprescindible llevar gorra, gafas de sol, crema de protecci\u00f3n solar, ba\u00f1ador y toalla. No se facilita salvavidas pero s\u00ed hay una plataforma y tubos largos flotantes individuales. Es necesario el acompa\u00f1amiento de un profesor por cada diez alumnos. El barco cuenta con una capacidad de 70 plazas\u201d.<\/p>\n<p>Por m\u00ed, mejor que fueran tres plazas: el capit\u00e1n, <em>el Ruben<\/em> y yo. Los dos en\u00a0 la proa, mirando el mar bajo mi pamela verde palmera y, a lo lejos, quietas las ballenas y las orcas llamando chillonamente a sus cr\u00edas.<\/p>\n<p>Ma\u00f1ana es el d\u00eda. Me he comprado tambi\u00e9n una mochila nueva a juego con mis deportivas y con la de esta tarde son seis las sesiones de uva que me he dado. Las mechas californianas quedan mejor con la piel bronceada. Y gracias a la depilaci\u00f3n l\u00e1ser que me regal\u00f3 mi madrina el verano pasado, si no\u2026 a ver qu\u00e9 hac\u00eda yo con los <em>shortys<\/em> tejanos.<\/p>\n<p>Hab\u00edamos quedado en ir andando desde el instituto pero me lleva mam\u00e1 directamente al puerto. Con lo tarde que me he levantado prefiero pasarme bien las planchas por el pelo y esperar hasta el final para que el laxante complete su proceso; con esto y dos d\u00edas comiendo manzanas, adi\u00f3s tripilla. Va a fliparlo hasta Bob Esponja.<\/p>\n<p>Ah\u00ed est\u00e1 mi grupo. Son las 11.00 y zarpamos ya. Con el primer golpe de viento me ha salpicado agua salada a los ojos. Al frotarme me he arrancado una tira de las pesta\u00f1as postizas. Consigo disimuladamente hacer desaparecer la otra, por eso del equilibrio, y busco el aseo para compensar su ingrato vac\u00edo con m\u00e1scara <em>superextrem<\/em>. Un repasito con el <em>eyeliner<\/em> y <em>gloss<\/em> de pimienta a borbotones para recrear labios sensuales. Espero en el ba\u00f1o hasta que se pase un poco el picor y procedo a volver espl\u00e9ndida.<\/p>\n<p>Nadie se gira. Todos clavan sus ojos en un mismo punto. Silencio hasta de gaviotas. \u00bfDuermen ballenas?<\/p>\n<p>Hay un c\u00edrculo de delfines tristes. Un bote neum\u00e1tico que se mece lentamente. Nos quedamos todos flotando en los ojos negros de sus pasajeros. Ellos respiran cansados y a nosotros se nos resiste el aire. Una mujer recoge del agua mis pesta\u00f1as y peina con ellas los rizos enmara\u00f1ados de su nena.<\/p>\n<p>La pena es l\u00edquida y achicamos con cubos el agua de cubierta. Mi trocito de mar se hace negro de r\u00edmel y al hundirme me convierto en ballena y empujo la patera hacia la costa.<\/p>\n","protected":false},"excerpt":{"rendered":"<p>\u201cNo se garantiza el avistamiento de cet\u00e1ceos. Seg\u00fan estad\u00edsticas del pasado a\u00f1o, \u00e9se fue del 68%. Dependiendo de las condiciones mar\u00edtimas y por seguridad, el ba\u00f1o puede ser permitido o no seg\u00fan criterio del capit\u00e1n\u201d. Est\u00e1bamos encantados todos en el instituto con la nueva excursi\u00f3n en catamar\u00e1n. Juanma y su grupo preparan ya todos sus [&hellip;]<\/p>\n","protected":false},"author":11533,"featured_media":0,"comment_status":"open","ping_status":"open","sticky":false,"template":"","format":"standard","meta":[],"categories":[1],"tags":[107,123,143],"_links":{"self":[{"href":"https:\/\/blogs.elnortedecastilla.es\/lolaleonardo\/wp-json\/wp\/v2\/posts\/155"}],"collection":[{"href":"https:\/\/blogs.elnortedecastilla.es\/lolaleonardo\/wp-json\/wp\/v2\/posts"}],"about":[{"href":"https:\/\/blogs.elnortedecastilla.es\/lolaleonardo\/wp-json\/wp\/v2\/types\/post"}],"author":[{"embeddable":true,"href":"https:\/\/blogs.elnortedecastilla.es\/lolaleonardo\/wp-json\/wp\/v2\/users\/11533"}],"replies":[{"embeddable":true,"href":"https:\/\/blogs.elnortedecastilla.es\/lolaleonardo\/wp-json\/wp\/v2\/comments?post=155"}],"version-history":[{"count":0,"href":"https:\/\/blogs.elnortedecastilla.es\/lolaleonardo\/wp-json\/wp\/v2\/posts\/155\/revisions"}],"wp:attachment":[{"href":"https:\/\/blogs.elnortedecastilla.es\/lolaleonardo\/wp-json\/wp\/v2\/media?parent=155"}],"wp:term":[{"taxonomy":"category","embeddable":true,"href":"https:\/\/blogs.elnortedecastilla.es\/lolaleonardo\/wp-json\/wp\/v2\/categories?post=155"},{"taxonomy":"post_tag","embeddable":true,"href":"https:\/\/blogs.elnortedecastilla.es\/lolaleonardo\/wp-json\/wp\/v2\/tags?post=155"}],"curies":[{"name":"wp","href":"https:\/\/api.w.org\/{rel}","templated":true}]}}